{"id":15476,"date":"2025-01-25T00:46:20","date_gmt":"2025-01-25T00:46:20","guid":{"rendered":"https:\/\/ospaboutique.com\/?p=15476"},"modified":"2026-03-08T22:15:33","modified_gmt":"2026-03-08T22:15:33","slug":"facial-spa","status":"publish","type":"post","link":"https:\/\/ospaboutique.com\/fr\/facial-spa\/","title":{"rendered":"Facial spa \u00e0 Montr\u00e9al : des soins experts pour une peau saine et lumineuse"},"content":{"rendered":"\t\t<div data-elementor-type=\"wp-post\" data-elementor-id=\"15476\" class=\"elementor elementor-15476\" data-elementor-post-type=\"post\">\n\t\t\t\t<div class=\"elementor-element elementor-element-ef1c807 e-flex e-con-boxed e-con e-parent\" data-id=\"ef1c807\" data-element_type=\"container\" data-e-type=\"container\">\n\t\t\t\t\t<div class=\"e-con-inner\">\n\t\t\t\t<div class=\"elementor-element elementor-element-a531b7b elementor-widget elementor-widget-text-editor\" data-id=\"a531b7b\" data-element_type=\"widget\" data-e-type=\"widget\" data-widget_type=\"text-editor.default\">\n\t\t\t\t\t\t\t\t\t<p data-start=\"102\" data-end=\"502\">Trouver un facial spa \u00e0 Montr\u00e9al qui inspire confiance peut sembler complexe.<br data-start=\"183\" data-end=\"186\" \/>La pollution urbaine, le stress, les hivers rigoureux et un rythme de vie soutenu marquent rapidement la peau.<br data-start=\"296\" data-end=\"299\" \/>Teint terne, ridules, d\u00e9shydratation ou texture irr\u00e9guli\u00e8re persistent souvent malgr\u00e9 une bonne routine \u00e0 domicile. Des soins professionnels existent pour r\u00e9\u00e9quilibrer la peau et restaurer l\u2019assurance.<\/p><p data-start=\"504\" data-end=\"807\">Chez \u00d4 Spa Boutique, les soins de facial spa r\u00e9pondent aux besoins r\u00e9els de la peau, jamais aux effets de mode. Chaque protocole commence par une compr\u00e9hension pr\u00e9cise de votre peau, de votre mode de vie et de vos attentes. Les r\u00e9sultats reposent sur la pr\u00e9cision, l\u2019exp\u00e9rience et la r\u00e9gularit\u00e9.<\/p>\t\t\t\t\t\t\t\t<\/div>\n\t\t\t\t\t<\/div>\n\t\t\t\t<\/div>\n\t\t<div class=\"elementor-element elementor-element-b8b0576 e-flex e-con-boxed e-con e-parent\" data-id=\"b8b0576\" data-element_type=\"container\" data-e-type=\"container\">\n\t\t\t\t\t<div class=\"e-con-inner\">\n\t\t\t\t<div class=\"elementor-element elementor-element-fb6d3d4 elementor-widget elementor-widget-heading\" data-id=\"fb6d3d4\" data-element_type=\"widget\" data-e-type=\"widget\" data-widget_type=\"heading.default\">\n\t\t\t\t\t<h4 class=\"elementor-heading-title elementor-size-default\">Pourquoi les soins professionnels sont essentiels<\/h4>\t\t\t\t<\/div>\n\t\t\t\t\t<\/div>\n\t\t\t\t<\/div>\n\t\t<div class=\"elementor-element elementor-element-c79dad8 e-flex e-con-boxed e-con e-parent\" data-id=\"c79dad8\" data-element_type=\"container\" data-e-type=\"container\">\n\t\t\t\t\t<div class=\"e-con-inner\">\n\t\t\t\t<div class=\"elementor-element elementor-element-4b97277 elementor-widget elementor-widget-text-editor\" data-id=\"4b97277\" data-element_type=\"widget\" data-e-type=\"widget\" data-widget_type=\"text-editor.default\">\n\t\t\t\t\t\t\t\t\t<p data-start=\"886\" data-end=\"1180\">La peau \u00e9volue avec l\u2019\u00e2ge, les variations hormonales, le climat et le stress.<br data-start=\"963\" data-end=\"966\" \/>\u00c0 Montr\u00e9al, les changements saisonniers accentuent ces transformations, car les \u00e9carts de temp\u00e9rature sont rapides. Les produits \u00e0 domicile soutiennent la peau, mais ne remplacent pas l\u2019expertise professionnelle.<\/p><p data-start=\"1182\" data-end=\"1475\">Un soin de facial spa m\u00e9dical-esth\u00e9tique va bien au-del\u00e0 de la d\u00e9tente. Il stimule la circulation, favorise le renouvellement cellulaire et soutient l\u2019activit\u00e9 du collag\u00e8ne.<br data-start=\"1361\" data-end=\"1364\" \/>Les technologies professionnelles et les produits cliniques agissent l\u00e0 o\u00f9 les cr\u00e8mes atteignent leurs limites.<\/p><p data-start=\"1477\" data-end=\"1725\">Les soins de facial spa contribuent aussi \u00e0 pr\u00e9venir les dommages futurs.<br data-start=\"1554\" data-end=\"1557\" \/>Une prise en charge pr\u00e9coce ralentit le vieillissement visible et stabilise la peau toute l\u2019ann\u00e9e. Il s\u2019agit d\u2019un entretien intelligent, pas d\u2019une correction tardive.<\/p>\t\t\t\t\t\t\t\t<\/div>\n\t\t\t\t\t<\/div>\n\t\t\t\t<\/div>\n\t\t<div class=\"elementor-element elementor-element-cb42a81 e-flex e-con-boxed e-con e-parent\" data-id=\"cb42a81\" data-element_type=\"container\" data-e-type=\"container\">\n\t\t\t\t\t<div class=\"e-con-inner\">\n\t\t\t\t<div class=\"elementor-element elementor-element-a90b084 elementor-widget elementor-widget-heading\" data-id=\"a90b084\" data-element_type=\"widget\" data-e-type=\"widget\" data-widget_type=\"heading.default\">\n\t\t\t\t\t<h3 class=\"elementor-heading-title elementor-size-default\">Comprendre les soins de facial spa simplement\n<\/h3>\t\t\t\t<\/div>\n\t\t\t\t\t<\/div>\n\t\t\t\t<\/div>\n\t\t<div class=\"elementor-element elementor-element-93a72cb e-flex e-con-boxed e-con e-parent\" data-id=\"93a72cb\" data-element_type=\"container\" data-e-type=\"container\">\n\t\t\t\t\t<div class=\"e-con-inner\">\n\t\t\t\t<div class=\"elementor-element elementor-element-1213625 elementor-widget elementor-widget-text-editor\" data-id=\"1213625\" data-element_type=\"widget\" data-e-type=\"widget\" data-widget_type=\"text-editor.default\">\n\t\t\t\t\t\t\t\t\t<p data-start=\"1786\" data-end=\"2034\">Un soin de facial spa vise la sant\u00e9 de la peau gr\u00e2ce au nettoyage, \u00e0 l\u2019exfoliation, \u00e0 l\u2019hydratation et \u00e0 la stimulation. Chaque \u00e9tape a une fonction pr\u00e9cise et agit en synergie. Le protocole s\u2019adapte selon le type de peau et sa sensibilit\u00e9.<\/p><p data-start=\"2036\" data-end=\"2222\">Chez \u00d4 Spa Boutique, aucun soin n\u2019est standardis\u00e9.<br data-start=\"2086\" data-end=\"2089\" \/>L\u2019analyse cutan\u00e9e guide chaque d\u00e9cision. Peau s\u00e8che, grasse, sensible, sujette \u00e0 l\u2019acn\u00e9 ou mature n\u00e9cessite une approche distincte.<\/p><p data-start=\"2224\" data-end=\"2464\">La technologie amplifie les r\u00e9sultats lorsqu\u2019elle est bien ma\u00eetris\u00e9e. Des outils comme l\u2019Hydrafacial, la radiofr\u00e9quence ou la luminoth\u00e9rapie LED soutiennent l\u2019am\u00e9lioration en profondeur. Le savoir-faire manuel reste toutefois essentiel.<\/p>\t\t\t\t\t\t\t\t<\/div>\n\t\t\t\t\t<\/div>\n\t\t\t\t<\/div>\n\t\t<div class=\"elementor-element elementor-element-714c7d2 e-flex e-con-boxed e-con e-parent\" data-id=\"714c7d2\" data-element_type=\"container\" data-e-type=\"container\">\n\t\t\t\t\t<div class=\"e-con-inner\">\n\t\t\t\t<div class=\"elementor-element elementor-element-f0b993e elementor-widget elementor-widget-heading\" data-id=\"f0b993e\" data-element_type=\"widget\" data-e-type=\"widget\" data-widget_type=\"heading.default\">\n\t\t\t\t\t<h3 class=\"elementor-heading-title elementor-size-default\">Types de soins de facial spa les plus demand\u00e9s\n<\/h3>\t\t\t\t<\/div>\n\t\t\t\t\t<\/div>\n\t\t\t\t<\/div>\n\t\t<div class=\"elementor-element elementor-element-6550089 e-flex e-con-boxed e-con e-parent\" data-id=\"6550089\" data-element_type=\"container\" data-e-type=\"container\">\n\t\t\t\t\t<div class=\"e-con-inner\">\n\t\t\t\t<div class=\"elementor-element elementor-element-282a314 elementor-widget elementor-widget-text-editor\" data-id=\"282a314\" data-element_type=\"widget\" data-e-type=\"widget\" data-widget_type=\"text-editor.default\">\n\t\t\t\t\t\t\t\t\t<h6 data-start=\"2526\" data-end=\"2551\"><strong data-start=\"2530\" data-end=\"2551\">Soins Hydrafacial<\/strong><\/h6><p data-start=\"2553\" data-end=\"2765\">Le soin <a href=\"https:\/\/hydrafacial.fr\">Hydrafacial<\/a> nettoie la peau en profondeur sans agresser. Il \u00e9limine les cellules mortes tout en infusant une hydratation intense.<br data-start=\"2692\" data-end=\"2695\" \/>Id\u00e9al pour les professionnelles actives recherchant un \u00e9clat imm\u00e9diat.<\/p><p data-start=\"2767\" data-end=\"2958\">Les r\u00e9sultats sont visibles d\u00e8s la s\u00e9ance, sans \u00e9viction sociale. La peau para\u00eet plus lisse, plus lumineuse et rafra\u00eechie.<br data-start=\"2891\" data-end=\"2894\" \/>Un excellent choix avant un \u00e9v\u00e9nement ou une r\u00e9union importante.<\/p><h6 data-start=\"2960\" data-end=\"2996\"><strong data-start=\"2964\" data-end=\"2996\">Soins anti-\u00e2ge en facial spa<\/strong><\/h6><p data-start=\"2998\" data-end=\"3208\">Les soins anti-\u00e2ge ciblent la fermet\u00e9, la texture et les ridules. Ils stimulent la production de collag\u00e8ne et am\u00e9liorent l\u2019\u00e9lasticit\u00e9.<br data-start=\"3134\" data-end=\"3137\" \/>Les b\u00e9n\u00e9fices s\u2019installent progressivement avec des s\u00e9ances r\u00e9guli\u00e8res.<\/p><p data-start=\"3210\" data-end=\"3335\">La radiofr\u00e9quence et les s\u00e9rums avanc\u00e9s optimisent les r\u00e9sultats. La peau gagne en tonicit\u00e9 et en r\u00e9sistance avec le temps.<\/p><h6 data-start=\"3337\" data-end=\"3374\"><strong data-start=\"3341\" data-end=\"3374\">Soins purifiants et anti-acn\u00e9<\/strong><\/h6><p data-start=\"3376\" data-end=\"3571\">L\u2019acn\u00e9 adulte exige une approche douce mais efficace.<br data-start=\"3429\" data-end=\"3432\" \/>Les traitements agressifs accentuent souvent l\u2019inflammation. Les soins de facial spa r\u00e9\u00e9quilibrent le s\u00e9bum et apaisent les rougeurs.<\/p><p data-start=\"3573\" data-end=\"3729\">Extraction ma\u00eetris\u00e9e, exfoliation cibl\u00e9e et actifs antibact\u00e9riens travaillent ensemble. Une peau plus nette s\u2019installe graduellement avec un suivi adapt\u00e9.<\/p><h6 data-start=\"3731\" data-end=\"3773\"><strong data-start=\"3735\" data-end=\"3773\">Soins \u00e9clat et correction du teint<\/strong><\/h6><p data-start=\"3775\" data-end=\"3972\">Le teint irr\u00e9gulier r\u00e9sulte fr\u00e9quemment de l\u2019exposition solaire et du vieillissement.<br data-start=\"3860\" data-end=\"3863\" \/>Des soins cibl\u00e9s att\u00e9nuent le manque d\u2019\u00e9clat et les taches visibles. La peau retrouve clart\u00e9 et luminosit\u00e9.<\/p><p data-start=\"3974\" data-end=\"4067\">La constance prime sur l\u2019intensit\u00e9. Une correction progressive prot\u00e8ge la barri\u00e8re cutan\u00e9e.<\/p>\t\t\t\t\t\t\t\t<\/div>\n\t\t\t\t\t<\/div>\n\t\t\t\t<\/div>\n\t\t<div class=\"elementor-element elementor-element-db912b7 e-flex e-con-boxed e-con e-parent\" data-id=\"db912b7\" data-element_type=\"container\" data-e-type=\"container\">\n\t\t\t\t\t<div class=\"e-con-inner\">\n\t\t\t\t<div class=\"elementor-element elementor-element-a3e1e73 elementor-widget elementor-widget-heading\" data-id=\"a3e1e73\" data-element_type=\"widget\" data-e-type=\"widget\" data-widget_type=\"heading.default\">\n\t\t\t\t\t<h3 class=\"elementor-heading-title elementor-size-default\">Principaux bienfaits des soins de facial spa\n<\/h3>\t\t\t\t<\/div>\n\t\t\t\t\t<\/div>\n\t\t\t\t<\/div>\n\t\t<div class=\"elementor-element elementor-element-d157ab5 e-flex e-con-boxed e-con e-parent\" data-id=\"d157ab5\" data-element_type=\"container\" data-e-type=\"container\">\n\t\t\t\t\t<div class=\"e-con-inner\">\n\t\t\t\t<div class=\"elementor-element elementor-element-bf94158 elementor-widget elementor-widget-text-editor\" data-id=\"bf94158\" data-element_type=\"widget\" data-e-type=\"widget\" data-widget_type=\"text-editor.default\">\n\t\t\t\t\t\t\t\t\t<p data-start=\"4127\" data-end=\"4307\">Les soins professionnels de <a href=\"https:\/\/ospaboutique.com\/fr\/cliniques-esthetiques\/\">facial<\/a> spa offrent des b\u00e9n\u00e9fices visibles et durables. La texture de la peau s\u2019am\u00e9liore en quelques semaines. L\u2019hydratation devient plus stable.<\/p><p data-start=\"4309\" data-end=\"4490\">Les ridules s\u2019estompent gr\u00e2ce \u00e0 la stimulation du collag\u00e8ne.<br data-start=\"4369\" data-end=\"4372\" \/>Les pores semblent resserr\u00e9s lorsque les congestions diminuent. Le maquillage se pose mieux et tient plus longtemps.<\/p><p data-start=\"4492\" data-end=\"4641\">Les bienfaits \u00e9motionnels comptent aussi. Les clientes se sentent plus confiantes et soign\u00e9es. Une peau saine soutient une image professionnelle.<\/p>\t\t\t\t\t\t\t\t<\/div>\n\t\t\t\t\t<\/div>\n\t\t\t\t<\/div>\n\t\t<div class=\"elementor-element elementor-element-f2bc2ef e-flex e-con-boxed e-con e-parent\" data-id=\"f2bc2ef\" data-element_type=\"container\" data-e-type=\"container\">\n\t\t\t\t\t<div class=\"e-con-inner\">\n\t\t\t\t<div class=\"elementor-element elementor-element-b395350 elementor-widget elementor-widget-heading\" data-id=\"b395350\" data-element_type=\"widget\" data-e-type=\"widget\" data-widget_type=\"heading.default\">\n\t\t\t\t\t<h2 class=\"elementor-heading-title elementor-size-default\">\u00c0 quoi s\u2019attendre lors d\u2019un soin de facial spa chez \u00d4 Spa Boutique<\/h2>\t\t\t\t<\/div>\n\t\t\t\t\t<\/div>\n\t\t\t\t<\/div>\n\t\t<div class=\"elementor-element elementor-element-d2f5981 e-flex e-con-boxed e-con e-parent\" data-id=\"d2f5981\" data-element_type=\"container\" data-e-type=\"container\">\n\t\t\t\t\t<div class=\"e-con-inner\">\n\t\t\t\t<div class=\"elementor-element elementor-element-65a95ea elementor-widget elementor-widget-text-editor\" data-id=\"65a95ea\" data-element_type=\"widget\" data-e-type=\"widget\" data-widget_type=\"text-editor.default\">\n\t\t\t\t\t\t\t\t\t<h6 data-start=\"4723\" data-end=\"4757\"><strong data-start=\"4727\" data-end=\"4757\">La consultation avant tout<\/strong><\/h6><p data-start=\"4759\" data-end=\"4958\">Chaque rendez-vous d\u00e9bute par une consultation professionnelle. Nous abordons vos pr\u00e9occupations, votre mode de vie et vos habitudes de soins.<\/p><p data-start=\"4759\" data-end=\"4958\">L\u2019analyse de la peau oriente le choix du traitement. Aucune d\u00e9cision pr\u00e9cipit\u00e9e. Votre confort et votre s\u00e9curit\u00e9 guident chaque \u00e9tape.<\/p><h6 data-start=\"5045\" data-end=\"5075\"><strong data-start=\"5049\" data-end=\"5075\">Le d\u00e9roulement du soin<\/strong><\/h6><p data-start=\"5077\" data-end=\"5223\">Le nettoyage \u00e9limine les impuret\u00e9s en surface. L\u2019exfoliation suit pour d\u00e9gager les cellules mortes. Les s\u00e9rums cibl\u00e9s p\u00e9n\u00e8trent en profondeur. Un massage ou une stimulation technologique active la circulation.<\/p><p data-start=\"5077\" data-end=\"5223\">Un masque final scelle les actifs. Les produits de finition apaisent et prot\u00e8gent la peau.<\/p><h6 data-start=\"5388\" data-end=\"5415\"><strong data-start=\"5392\" data-end=\"5415\">D\u00e9lais et r\u00e9sultats<\/strong><\/h6><p data-start=\"5417\" data-end=\"5560\">Certains effets apparaissent imm\u00e9diatement.<br data-start=\"5460\" data-end=\"5463\" \/>D\u2019autres se d\u00e9veloppent sur plusieurs semaines.<br data-start=\"5510\" data-end=\"5513\" \/>Un plan de soins assure des r\u00e9sultats durables.<\/p>\t\t\t\t\t\t\t\t<\/div>\n\t\t\t\t\t<\/div>\n\t\t\t\t<\/div>\n\t\t<div class=\"elementor-element elementor-element-1176b32 e-flex e-con-boxed e-con e-parent\" data-id=\"1176b32\" data-element_type=\"container\" data-e-type=\"container\">\n\t\t\t\t\t<div class=\"e-con-inner\">\n\t\t\t\t<div class=\"elementor-element elementor-element-6d911a3 elementor-widget elementor-widget-heading\" data-id=\"6d911a3\" data-element_type=\"widget\" data-e-type=\"widget\" data-widget_type=\"heading.default\">\n\t\t\t\t\t<h4 class=\"elementor-heading-title elementor-size-default\">Soins post-traitement et entretien de la peau\n<\/h4>\t\t\t\t<\/div>\n\t\t\t\t\t<\/div>\n\t\t\t\t<\/div>\n\t\t<div class=\"elementor-element elementor-element-c4c8063 e-flex e-con-boxed e-con e-parent\" data-id=\"c4c8063\" data-element_type=\"container\" data-e-type=\"container\">\n\t\t\t\t\t<div class=\"e-con-inner\">\n\t\t\t\t<div class=\"elementor-element elementor-element-e1e1fbb elementor-widget elementor-widget-text-editor\" data-id=\"e1e1fbb\" data-element_type=\"widget\" data-e-type=\"widget\" data-widget_type=\"text-editor.default\">\n\t\t\t\t\t\t\t\t\t<p data-start=\"5621\" data-end=\"5781\">Les soins apr\u00e8s traitement pr\u00e9servent les r\u00e9sultats. La protection solaire reste essentielle toute l\u2019ann\u00e9e.<br data-start=\"5730\" data-end=\"5733\" \/>L\u2019hydratation favorise la r\u00e9paration et l\u2019\u00e9clat.<\/p><p data-start=\"5783\" data-end=\"5926\">\u00c9vitez les produits agressifs pendant quelques jours. Respectez les recommandations professionnelles. La r\u00e9gularit\u00e9 renforce les b\u00e9n\u00e9fices.<\/p><p data-start=\"5928\" data-end=\"6036\">Chez \u00d4 Spa Boutique, les conseils post-soins sont toujours personnalis\u00e9s. Chaque peau r\u00e9agit diff\u00e9remment.<\/p>\t\t\t\t\t\t\t\t<\/div>\n\t\t\t\t\t<\/div>\n\t\t\t\t<\/div>\n\t\t<div class=\"elementor-element elementor-element-cbfdafc e-flex e-con-boxed e-con e-parent\" data-id=\"cbfdafc\" data-element_type=\"container\" data-e-type=\"container\">\n\t\t\t\t\t<div class=\"e-con-inner\">\n\t\t\t\t<div class=\"elementor-element elementor-element-f52b6bf elementor-widget elementor-widget-heading\" data-id=\"f52b6bf\" data-element_type=\"widget\" data-e-type=\"widget\" data-widget_type=\"heading.default\">\n\t\t\t\t\t<h5 class=\"elementor-heading-title elementor-size-default\">Sp\u00e9cificit\u00e9s de la peau \u00e0 Montr\u00e9al\n<\/h5>\t\t\t\t<\/div>\n\t\t\t\t\t<\/div>\n\t\t\t\t<\/div>\n\t\t<div class=\"elementor-element elementor-element-7ea2d7f e-flex e-con-boxed e-con e-parent\" data-id=\"7ea2d7f\" data-element_type=\"container\" data-e-type=\"container\">\n\t\t\t\t\t<div class=\"e-con-inner\">\n\t\t\t\t<div class=\"elementor-element elementor-element-478b9d9 elementor-widget elementor-widget-text-editor\" data-id=\"478b9d9\" data-element_type=\"widget\" data-e-type=\"widget\" data-widget_type=\"text-editor.default\">\n\t\t\t\t\t\t\t\t\t<p data-start=\"6086\" data-end=\"6286\">Les hivers montr\u00e9alais ass\u00e8chent rapidement la peau. Le froid et le chauffage int\u00e9rieur augmentent la d\u00e9shydratation.<br data-start=\"6205\" data-end=\"6208\" \/>Les soins hydratants en facial spa deviennent essentiels en saison froide.<\/p><p data-start=\"6288\" data-end=\"6439\">L\u2019\u00e9t\u00e9 apporte soleil et humidit\u00e9. Les risques de pigmentation et de pores obstru\u00e9s augmentent.<br data-start=\"6384\" data-end=\"6387\" \/>Des soins r\u00e9guliers maintiennent l\u2019\u00e9quilibre cutan\u00e9.<\/p><p data-start=\"6441\" data-end=\"6575\">La pollution urbaine affecte aussi la sant\u00e9 de la peau. Un nettoyage profond pr\u00e9vient le teint terne et le vieillissement pr\u00e9matur\u00e9.<\/p><p data-start=\"6577\" data-end=\"6693\">Les soins de facial spa doivent \u00e9voluer selon les saisons. Les solutions universelles \u00e9chouent dans ce climat.<\/p>\t\t\t\t\t\t\t\t<\/div>\n\t\t\t\t\t<\/div>\n\t\t\t\t<\/div>\n\t\t<div class=\"elementor-element elementor-element-6b31c7e e-flex e-con-boxed e-con e-parent\" data-id=\"6b31c7e\" data-element_type=\"container\" data-e-type=\"container\">\n\t\t\t\t\t<div class=\"e-con-inner\">\n\t\t\t\t<div class=\"elementor-element elementor-element-40048b7 elementor-widget elementor-widget-heading\" data-id=\"40048b7\" data-element_type=\"widget\" data-e-type=\"widget\" data-widget_type=\"heading.default\">\n\t\t\t\t\t<h5 class=\"elementor-heading-title elementor-size-default\">Soins compl\u00e9mentaires offerts chez \u00d4 Spa Boutique<\/h5>\t\t\t\t<\/div>\n\t\t\t\t\t<\/div>\n\t\t\t\t<\/div>\n\t\t<div class=\"elementor-element elementor-element-6be71d8 e-flex e-con-boxed e-con e-parent\" data-id=\"6be71d8\" data-element_type=\"container\" data-e-type=\"container\">\n\t\t\t\t\t<div class=\"e-con-inner\">\n\t\t\t\t<div class=\"elementor-element elementor-element-718b74a elementor-widget elementor-widget-text-editor\" data-id=\"718b74a\" data-element_type=\"widget\" data-e-type=\"widget\" data-widget_type=\"text-editor.default\">\n\t\t\t\t\t\t\t\t\t<p data-start=\"6758\" data-end=\"6990\">Les soins de <strong data-start=\"6771\" data-end=\"6785\">facial spa<\/strong> gagnent en efficacit\u00e9 lorsqu\u2019ils s\u2019int\u00e8grent \u00e0 d\u2019autres traitements esth\u00e9tiques.<br data-start=\"6866\" data-end=\"6869\" \/>Le rajeunissement cutan\u00e9 au laser am\u00e9liore le teint et la texture. Le microneedling stimule la production de collag\u00e8ne.<\/p><p data-start=\"6992\" data-end=\"7117\">Les peelings m\u00e9dicaux affinent la clart\u00e9 de la peau. La luminoth\u00e9rapie LED soutient la r\u00e9paration et r\u00e9duit l\u2019inflammation.<\/p><p data-start=\"7119\" data-end=\"7230\">Les soins corporels et l\u2019\u00e9pilation laser compl\u00e8tent l\u2019exp\u00e9rience. Une approche globale renforce la confiance.<\/p>\t\t\t\t\t\t\t\t<\/div>\n\t\t\t\t\t<\/div>\n\t\t\t\t<\/div>\n\t\t<div class=\"elementor-element elementor-element-403cef0 e-flex e-con-boxed e-con e-parent\" data-id=\"403cef0\" data-element_type=\"container\" data-e-type=\"container\">\n\t\t\t\t\t<div class=\"e-con-inner\">\n\t\t\t\t<div class=\"elementor-element elementor-element-b4d9e04 elementor-widget elementor-widget-heading\" data-id=\"b4d9e04\" data-element_type=\"widget\" data-e-type=\"widget\" data-widget_type=\"heading.default\">\n\t\t\t\t\t<h3 class=\"elementor-heading-title elementor-size-default\">Pourquoi choisir \u00d4 Spa Boutique pour votre facial spa\n<\/h3>\t\t\t\t<\/div>\n\t\t\t\t\t<\/div>\n\t\t\t\t<\/div>\n\t\t<div class=\"elementor-element elementor-element-aa5a1c2 e-flex e-con-boxed e-con e-parent\" data-id=\"aa5a1c2\" data-element_type=\"container\" data-e-type=\"container\">\n\t\t\t\t\t<div class=\"e-con-inner\">\n\t\t\t\t<div class=\"elementor-element elementor-element-27b0b5d elementor-widget elementor-widget-text-editor\" data-id=\"27b0b5d\" data-element_type=\"widget\" data-e-type=\"widget\" data-widget_type=\"text-editor.default\">\n\t\t\t\t\t\t\t\t\t<p data-start=\"7299\" data-end=\"7482\">L\u2019exp\u00e9rience est d\u00e9terminante en esth\u00e9tique m\u00e9dicale. \u00d4 Spa Boutique allie technologies avanc\u00e9es et expertise de longue date.<br data-start=\"7426\" data-end=\"7429\" \/>Les soins restent personnalis\u00e9s, jamais standardis\u00e9s.<\/p><p data-start=\"7484\" data-end=\"7669\">Les clientes re\u00e7oivent des conseils honn\u00eates et des attentes r\u00e9alistes. Un environnement calme et professionnel favorise la confiance.<br data-start=\"7620\" data-end=\"7623\" \/>Chaque d\u00e9tail refl\u00e8te le soin et la pr\u00e9cision.<\/p>\t\t\t\t\t\t\t\t<\/div>\n\t\t\t\t\t<\/div>\n\t\t\t\t<\/div>\n\t\t<div class=\"elementor-element elementor-element-47f1dfc e-flex e-con-boxed e-con e-parent\" data-id=\"47f1dfc\" data-element_type=\"container\" data-e-type=\"container\">\n\t\t\t\t\t<div class=\"e-con-inner\">\n\t\t\t\t<div class=\"elementor-element elementor-element-9f2d246 elementor-widget elementor-widget-heading\" data-id=\"9f2d246\" data-element_type=\"widget\" data-e-type=\"widget\" data-widget_type=\"heading.default\">\n\t\t\t\t\t<h5 class=\"elementor-heading-title elementor-size-default\">Prendre rendez-vous pour une consultation professionnelle<\/h5>\t\t\t\t<\/div>\n\t\t\t\t\t<\/div>\n\t\t\t\t<\/div>\n\t\t<div class=\"elementor-element elementor-element-8e43264 e-flex e-con-boxed e-con e-parent\" data-id=\"8e43264\" data-element_type=\"container\" data-e-type=\"container\">\n\t\t\t\t\t<div class=\"e-con-inner\">\n\t\t\t\t<div class=\"elementor-element elementor-element-e28a1c6 elementor-widget elementor-widget-text-editor\" data-id=\"e28a1c6\" data-element_type=\"widget\" data-e-type=\"widget\" data-widget_type=\"text-editor.default\">\n\t\t\t\t\t\t\t\t\t<p data-start=\"7742\" data-end=\"7839\">Une peau saine commence par un avis expert. La consultation garantit des soins s\u00fbrs et adapt\u00e9s.<\/p><p data-start=\"7841\" data-end=\"7965\">D\u00e9couvrez un <strong data-start=\"7854\" data-end=\"7868\">facial spa<\/strong> personnalis\u00e9 chez \u00d4 Spa Boutique. Appelez le (514)-744-9978 pour planifier votre consultation.<\/p><p data-start=\"7967\" data-end=\"8017\" data-is-last-node=\"\" data-is-only-node=\"\">Votre peau m\u00e9rite rigueur, expertise et attention.<\/p>\t\t\t\t\t\t\t\t<\/div>\n\t\t\t\t\t<\/div>\n\t\t\t\t<\/div>\n\t\t\t\t<\/div>\n\t\t<span class=\"et_bloom_bottom_trigger\"><\/span>","protected":false},"excerpt":{"rendered":"<p>Trouver un facial spa \u00e0 Montr\u00e9al qui inspire confiance peut sembler complexe.La pollution urbaine, le stress, les hivers rigoureux et un rythme de vie soutenu marquent rapidement la peau.Teint terne, ridules, d\u00e9shydratation ou texture irr\u00e9guli\u00e8re persistent souvent malgr\u00e9 une bonne routine \u00e0 domicile. Des soins professionnels existent pour r\u00e9\u00e9quilibrer la peau et restaurer l\u2019assurance. Chez [&hellip;]<\/p>\n","protected":false},"author":1,"featured_media":15901,"comment_status":"closed","ping_status":"closed","sticky":false,"template":"","format":"standard","meta":{"om_disable_all_campaigns":false,"_monsterinsights_skip_tracking":false,"_monsterinsights_sitenote_active":false,"_monsterinsights_sitenote_note":"","_monsterinsights_sitenote_category":0,"site-sidebar-layout":"default","site-content-layout":"","ast-site-content-layout":"default","site-content-style":"default","site-sidebar-style":"default","ast-global-header-display":"","ast-banner-title-visibility":"","ast-main-header-display":"","ast-hfb-above-header-display":"","ast-hfb-below-header-display":"","ast-hfb-mobile-header-display":"","site-post-title":"","ast-breadcrumbs-content":"","ast-featured-img":"","footer-sml-layout":"","ast-disable-related-posts":"","theme-transparent-header-meta":"default","adv-header-id-meta":"","stick-header-meta":"default","header-above-stick-meta":"","header-main-stick-meta":"","header-below-stick-meta":"","astra-migrate-meta-layouts":"set","ast-page-background-enabled":"default","ast-page-background-meta":{"desktop":{"background-color":"","background-image":"","background-repeat":"repeat","background-position":"center center","background-size":"auto","background-attachment":"scroll","background-type":"","background-media":"","overlay-type":"","overlay-color":"","overlay-opacity":"","overlay-gradient":""},"tablet":{"background-color":"","background-image":"","background-repeat":"repeat","background-position":"center center","background-size":"auto","background-attachment":"scroll","background-type":"","background-media":"","overlay-type":"","overlay-color":"","overlay-opacity":"","overlay-gradient":""},"mobile":{"background-color":"","background-image":"","background-repeat":"repeat","background-position":"center center","background-size":"auto","background-attachment":"scroll","background-type":"","background-media":"","overlay-type":"","overlay-color":"","overlay-opacity":"","overlay-gradient":""}},"ast-content-background-meta":{"desktop":{"background-color":"var(--ast-global-color-5)","background-image":"","background-repeat":"repeat","background-position":"center center","background-size":"auto","background-attachment":"scroll","background-type":"","background-media":"","overlay-type":"","overlay-color":"","overlay-opacity":"","overlay-gradient":""},"tablet":{"background-color":"var(--ast-global-color-5)","background-image":"","background-repeat":"repeat","background-position":"center center","background-size":"auto","background-attachment":"scroll","background-type":"","background-media":"","overlay-type":"","overlay-color":"","overlay-opacity":"","overlay-gradient":""},"mobile":{"background-color":"var(--ast-global-color-5)","background-image":"","background-repeat":"repeat","background-position":"center center","background-size":"auto","background-attachment":"scroll","background-type":"","background-media":"","overlay-type":"","overlay-color":"","overlay-opacity":"","overlay-gradient":""}},"footnotes":""},"categories":[166,189],"tags":[209],"class_list":["post-15476","post","type-post","status-publish","format-standard","has-post-thumbnail","hentry","category-hydra-facial","category-hydrafacial-fr","tag-facial-fr"],"aioseo_notices":[],"aioseo_head":"\n\t\t<!-- All in One SEO Pro 4.9.6.2 - aioseo.com -->\n\t<meta name=\"description\" content=\"Trouver un facial spa \u00e0 Montr\u00e9al qui inspire confiance peut sembler complexe.La pollution urbaine, le stress, les hivers rigoureux et un rythme de vie soutenu marquent rapidement la peau.Teint terne, ridules, d\u00e9shydratation ou texture irr\u00e9guli\u00e8re persistent souvent malgr\u00e9 une bonne routine \u00e0 domicile. Des soins professionnels existent pour r\u00e9\u00e9quilibrer la peau et restaurer l\u2019assurance.Chez \u00d4\" \/>\n\t<meta name=\"robots\" content=\"max-image-preview:large\" \/>\n\t<meta name=\"author\" content=\"Souzan Dayoub\"\/>\n\t<link rel=\"canonical\" href=\"https:\/\/ospaboutique.com\/fr\/facial-spa\/\" \/>\n\t<meta name=\"generator\" content=\"All in One SEO Pro (AIOSEO) 4.9.6.2\" \/>\n\t\t<meta property=\"og:locale\" content=\"fr_FR\" \/>\n\t\t<meta property=\"og:site_name\" content=\"O Spa Boutique | Laser Hair Remova, Facial, Micropigmentation, Microblading, Microneedling, Microdermabrasion\" \/>\n\t\t<meta property=\"og:type\" content=\"article\" \/>\n\t\t<meta property=\"og:title\" content=\"Facial spa \u00e0 Montr\u00e9al: des soins experts pour une peau saine\" \/>\n\t\t<meta property=\"og:description\" content=\"Trouver un facial spa \u00e0 Montr\u00e9al qui inspire confiance peut sembler complexe.La pollution urbaine, le stress, les hivers rigoureux et un rythme de vie soutenu marquent rapidement la peau.Teint terne, ridules, d\u00e9shydratation ou texture irr\u00e9guli\u00e8re persistent souvent malgr\u00e9 une bonne routine \u00e0 domicile. Des soins professionnels existent pour r\u00e9\u00e9quilibrer la peau et restaurer l\u2019assurance.Chez \u00d4\" \/>\n\t\t<meta property=\"og:url\" content=\"https:\/\/ospaboutique.com\/fr\/facial-spa\/\" \/>\n\t\t<meta property=\"og:image\" content=\"https:\/\/ospaboutique.com\/wp-content\/uploads\/2023\/02\/O-SPA-BOUTIQUE-LASER-HAIR-REMOVAL-FACIAL-MASSAGE-MEMBERSHIP_LOGO.webp\" \/>\n\t\t<meta property=\"og:image:secure_url\" content=\"https:\/\/ospaboutique.com\/wp-content\/uploads\/2023\/02\/O-SPA-BOUTIQUE-LASER-HAIR-REMOVAL-FACIAL-MASSAGE-MEMBERSHIP_LOGO.webp\" \/>\n\t\t<meta property=\"og:image:width\" content=\"150\" \/>\n\t\t<meta property=\"og:image:height\" content=\"104\" \/>\n\t\t<meta property=\"article:published_time\" content=\"2025-01-25T00:46:20+00:00\" \/>\n\t\t<meta property=\"article:modified_time\" content=\"2026-03-08T22:15:33+00:00\" \/>\n\t\t<meta name=\"twitter:card\" content=\"summary_large_image\" \/>\n\t\t<meta name=\"twitter:title\" content=\"Facial spa \u00e0 Montr\u00e9al: des soins experts pour une peau saine\" \/>\n\t\t<meta name=\"twitter:description\" content=\"Trouver un facial spa \u00e0 Montr\u00e9al qui inspire confiance peut sembler complexe.La pollution urbaine, le stress, les hivers rigoureux et un rythme de vie soutenu marquent rapidement la peau.Teint terne, ridules, d\u00e9shydratation ou texture irr\u00e9guli\u00e8re persistent souvent malgr\u00e9 une bonne routine \u00e0 domicile. Des soins professionnels existent pour r\u00e9\u00e9quilibrer la peau et restaurer l\u2019assurance.Chez \u00d4\" \/>\n\t\t<meta name=\"twitter:image\" content=\"https:\/\/ospaboutique.com\/wp-content\/uploads\/2023\/02\/O-SPA-BOUTIQUE-LASER-HAIR-REMOVAL-FACIAL-MASSAGE-MEMBERSHIP_LOGO.webp\" \/>\n\t\t<script type=\"application\/ld+json\" class=\"aioseo-schema\">\n\t\t\t{\"@context\":\"https:\\\/\\\/schema.org\",\"@graph\":[{\"@type\":\"BlogPosting\",\"@id\":\"https:\\\/\\\/ospaboutique.com\\\/fr\\\/facial-spa\\\/#aioseo-article-mkk0iovz\",\"name\":\"Facial spa \\u00e0 Montr\\u00e9al : des soins experts pour une peau saine et lumineuse\",\"headline\":\"Facial spa \\u00e0 Montr\\u00e9al : des soins experts pour une peau saine et lumineuse\",\"author\":{\"@type\":\"Person\",\"name\":\"Souzan Dayoub\",\"url\":\"https:\\\/\\\/ospaboutique.com\\\/fr\\\/author\\\/admin\\\/\"},\"publisher\":{\"@id\":\"https:\\\/\\\/ospaboutique.com\\\/fr\\\/#organization\"},\"image\":{\"@type\":\"ImageObject\",\"url\":\"https:\\\/\\\/ospaboutique.com\\\/wp-content\\\/uploads\\\/2026\\\/01\\\/banner-serums-1444x819-notext.jpg\",\"width\":1444,\"height\":819,\"caption\":\"facial spa\"},\"datePublished\":\"2025-01-25T00:46:20+00:00\",\"dateModified\":\"2026-03-08T22:15:33+00:00\",\"inLanguage\":\"fr-FR\",\"keywords\":\"Facial spa\",\"articleSection\":\"Hydra Facial, HydraFacial, Facial, Facultatif\"},{\"@type\":\"BreadcrumbList\",\"@id\":\"https:\\\/\\\/ospaboutique.com\\\/fr\\\/facial-spa\\\/#breadcrumblist\",\"itemListElement\":[{\"@type\":\"ListItem\",\"@id\":\"https:\\\/\\\/ospaboutique.com\\\/fr\\\/#listItem\",\"position\":1,\"name\":\"Home\",\"item\":\"https:\\\/\\\/ospaboutique.com\\\/fr\\\/\",\"nextItem\":{\"@type\":\"ListItem\",\"@id\":\"https:\\\/\\\/ospaboutique.com\\\/fr\\\/category\\\/hydra-facial\\\/#listItem\",\"name\":\"Hydra Facial\"}},{\"@type\":\"ListItem\",\"@id\":\"https:\\\/\\\/ospaboutique.com\\\/fr\\\/category\\\/hydra-facial\\\/#listItem\",\"position\":2,\"name\":\"Hydra Facial\",\"item\":\"https:\\\/\\\/ospaboutique.com\\\/fr\\\/category\\\/hydra-facial\\\/\",\"nextItem\":{\"@type\":\"ListItem\",\"@id\":\"https:\\\/\\\/ospaboutique.com\\\/fr\\\/facial-spa\\\/#listItem\",\"name\":\"Facial spa \\u00e0 Montr\\u00e9al : des soins experts pour une peau saine et lumineuse\"},\"previousItem\":{\"@type\":\"ListItem\",\"@id\":\"https:\\\/\\\/ospaboutique.com\\\/fr\\\/#listItem\",\"name\":\"Home\"}},{\"@type\":\"ListItem\",\"@id\":\"https:\\\/\\\/ospaboutique.com\\\/fr\\\/facial-spa\\\/#listItem\",\"position\":3,\"name\":\"Facial spa \\u00e0 Montr\\u00e9al : des soins experts pour une peau saine et lumineuse\",\"previousItem\":{\"@type\":\"ListItem\",\"@id\":\"https:\\\/\\\/ospaboutique.com\\\/fr\\\/category\\\/hydra-facial\\\/#listItem\",\"name\":\"Hydra Facial\"}}]},{\"@type\":\"Organization\",\"@id\":\"https:\\\/\\\/ospaboutique.com\\\/fr\\\/#organization\",\"name\":\"\\u00d4 Spa Boutique\",\"description\":\"\\u00d4 Spa Boutique, a one-stop spa solution in St Laurent &amp; Montreal for most skin concerns and needs. We offer a range of treatments, including Laser Hair Removal, Facial Rejuvenation, HydraFacial, Microneedling &amp; Dermaplaning, as well as more sophisticated treatments for Melasma &amp; Acne.\",\"url\":\"https:\\\/\\\/ospaboutique.com\\\/fr\\\/\",\"email\":\"info@ospaboutique.com\",\"telephone\":\"+15147449978\",\"foundingDate\":\"1996-02-17\",\"numberOfEmployees\":{\"@type\":\"QuantitativeValue\",\"value\":2},\"logo\":{\"@type\":\"ImageObject\",\"url\":\"https:\\\/\\\/ospaboutique.com\\\/wp-content\\\/uploads\\\/2023\\\/02\\\/O-SPA-BOUTIQUE-LASER-HAIR-REMOVAL-FACIAL-MASSAGE-MEMBERSHIP_LOGO.webp\",\"@id\":\"https:\\\/\\\/ospaboutique.com\\\/fr\\\/facial-spa\\\/#organizationLogo\",\"width\":150,\"height\":104,\"caption\":\"logo - o spa boutique logo\"},\"image\":{\"@id\":\"https:\\\/\\\/ospaboutique.com\\\/fr\\\/facial-spa\\\/#organizationLogo\"},\"sameAs\":[\"https:\\\/\\\/facebook.com\\\/\",\"https:\\\/\\\/instagram.com\\\/\",\"https:\\\/\\\/tiktok.com\\\/@\",\"https:\\\/\\\/pinterest.com\\\/\",\"https:\\\/\\\/youtube.com\\\/\",\"https:\\\/\\\/linkedin.com\\\/in\\\/\"],\"address\":{\"@id\":\"https:\\\/\\\/ospaboutique.com\\\/fr\\\/#postaladdress\",\"@type\":\"PostalAddress\",\"streetAddress\":\"815 Boulevard Cote Vertu Ouest #203,\",\"postalCode\":\"H4L 1Y6\",\"addressLocality\":\"Saint-Laurent\",\"addressRegion\":\"Quebec\",\"addressCountry\":\"CA\"}},{\"@type\":\"Person\",\"@id\":\"https:\\\/\\\/ospaboutique.com\\\/fr\\\/author\\\/admin\\\/#author\",\"url\":\"https:\\\/\\\/ospaboutique.com\\\/fr\\\/author\\\/admin\\\/\",\"name\":\"Souzan Dayoub\",\"image\":{\"@type\":\"ImageObject\",\"url\":\"https:\\\/\\\/secure.gravatar.com\\\/avatar\\\/7c44dc58a0cbe676399632bf278024e948e463c0fcaa52dee40143c23de0434d?s=96&d=mm&r=g\"}},{\"@type\":\"WebPage\",\"@id\":\"https:\\\/\\\/ospaboutique.com\\\/fr\\\/facial-spa\\\/#webpage\",\"url\":\"https:\\\/\\\/ospaboutique.com\\\/fr\\\/facial-spa\\\/\",\"name\":\"Facial spa \\u00e0 Montr\\u00e9al: des soins experts pour une peau saine\",\"description\":\"Trouver un facial spa \\u00e0 Montr\\u00e9al qui inspire confiance peut sembler complexe.La pollution urbaine, le stress, les hivers rigoureux et un rythme de vie soutenu marquent rapidement la peau.Teint terne, ridules, d\\u00e9shydratation ou texture irr\\u00e9guli\\u00e8re persistent souvent malgr\\u00e9 une bonne routine \\u00e0 domicile. Des soins professionnels existent pour r\\u00e9\\u00e9quilibrer la peau et restaurer l\\u2019assurance.Chez \\u00d4\",\"inLanguage\":\"fr-FR\",\"isPartOf\":{\"@id\":\"https:\\\/\\\/ospaboutique.com\\\/fr\\\/#website\"},\"breadcrumb\":{\"@id\":\"https:\\\/\\\/ospaboutique.com\\\/fr\\\/facial-spa\\\/#breadcrumblist\"},\"author\":{\"@id\":\"https:\\\/\\\/ospaboutique.com\\\/fr\\\/author\\\/admin\\\/#author\"},\"creator\":{\"@id\":\"https:\\\/\\\/ospaboutique.com\\\/fr\\\/author\\\/admin\\\/#author\"},\"image\":{\"@type\":\"ImageObject\",\"url\":\"https:\\\/\\\/ospaboutique.com\\\/wp-content\\\/uploads\\\/2026\\\/01\\\/banner-serums-1444x819-notext.jpg\",\"@id\":\"https:\\\/\\\/ospaboutique.com\\\/fr\\\/facial-spa\\\/#mainImage\",\"width\":1444,\"height\":819,\"caption\":\"facial spa\"},\"primaryImageOfPage\":{\"@id\":\"https:\\\/\\\/ospaboutique.com\\\/fr\\\/facial-spa\\\/#mainImage\"},\"datePublished\":\"2025-01-25T00:46:20+00:00\",\"dateModified\":\"2026-03-08T22:15:33+00:00\"},{\"@type\":\"WebSite\",\"@id\":\"https:\\\/\\\/ospaboutique.com\\\/fr\\\/#website\",\"url\":\"https:\\\/\\\/ospaboutique.com\\\/fr\\\/\",\"name\":\"\\u00d4 Spa Boutique\",\"description\":\"Laser Hair Remova, Facial, Micropigmentation, Microblading, Microneedling, Microdermabrasion\",\"inLanguage\":\"fr-FR\",\"publisher\":{\"@id\":\"https:\\\/\\\/ospaboutique.com\\\/fr\\\/#organization\"}}]}\n\t\t<\/script>\n\t\t<!-- All in One SEO Pro -->\r\n\t\t<title>Facial spa \u00e0 Montr\u00e9al: des soins experts pour une peau saine<\/title>\n\n","aioseo_head_json":{"title":"Facial spa \u00e0 Montr\u00e9al: des soins experts pour une peau saine","description":"Trouver un facial spa \u00e0 Montr\u00e9al qui inspire confiance peut sembler complexe.La pollution urbaine, le stress, les hivers rigoureux et un rythme de vie soutenu marquent rapidement la peau.Teint terne, ridules, d\u00e9shydratation ou texture irr\u00e9guli\u00e8re persistent souvent malgr\u00e9 une bonne routine \u00e0 domicile. Des soins professionnels existent pour r\u00e9\u00e9quilibrer la peau et restaurer l\u2019assurance.Chez \u00d4","canonical_url":"https:\/\/ospaboutique.com\/fr\/facial-spa\/","robots":"max-image-preview:large","keywords":"","webmasterTools":{"miscellaneous":""},"schema":{"@context":"https:\/\/schema.org","@graph":[{"@type":"BlogPosting","@id":"https:\/\/ospaboutique.com\/fr\/facial-spa\/#aioseo-article-mkk0iovz","name":"Facial spa \u00e0 Montr\u00e9al : des soins experts pour une peau saine et lumineuse","headline":"Facial spa \u00e0 Montr\u00e9al : des soins experts pour une peau saine et lumineuse","author":{"@type":"Person","name":"Souzan Dayoub","url":"https:\/\/ospaboutique.com\/fr\/author\/admin\/"},"publisher":{"@id":"https:\/\/ospaboutique.com\/fr\/#organization"},"image":{"@type":"ImageObject","url":"https:\/\/ospaboutique.com\/wp-content\/uploads\/2026\/01\/banner-serums-1444x819-notext.jpg","width":1444,"height":819,"caption":"facial spa"},"datePublished":"2025-01-25T00:46:20+00:00","dateModified":"2026-03-08T22:15:33+00:00","inLanguage":"fr-FR","keywords":"Facial spa","articleSection":"Hydra Facial, HydraFacial, Facial, Facultatif"},{"@type":"BreadcrumbList","@id":"https:\/\/ospaboutique.com\/fr\/facial-spa\/#breadcrumblist","itemListElement":[{"@type":"ListItem","@id":"https:\/\/ospaboutique.com\/fr\/#listItem","position":1,"name":"Home","item":"https:\/\/ospaboutique.com\/fr\/","nextItem":{"@type":"ListItem","@id":"https:\/\/ospaboutique.com\/fr\/category\/hydra-facial\/#listItem","name":"Hydra Facial"}},{"@type":"ListItem","@id":"https:\/\/ospaboutique.com\/fr\/category\/hydra-facial\/#listItem","position":2,"name":"Hydra Facial","item":"https:\/\/ospaboutique.com\/fr\/category\/hydra-facial\/","nextItem":{"@type":"ListItem","@id":"https:\/\/ospaboutique.com\/fr\/facial-spa\/#listItem","name":"Facial spa \u00e0 Montr\u00e9al : des soins experts pour une peau saine et lumineuse"},"previousItem":{"@type":"ListItem","@id":"https:\/\/ospaboutique.com\/fr\/#listItem","name":"Home"}},{"@type":"ListItem","@id":"https:\/\/ospaboutique.com\/fr\/facial-spa\/#listItem","position":3,"name":"Facial spa \u00e0 Montr\u00e9al : des soins experts pour une peau saine et lumineuse","previousItem":{"@type":"ListItem","@id":"https:\/\/ospaboutique.com\/fr\/category\/hydra-facial\/#listItem","name":"Hydra Facial"}}]},{"@type":"Organization","@id":"https:\/\/ospaboutique.com\/fr\/#organization","name":"\u00d4 Spa Boutique","description":"\u00d4 Spa Boutique, a one-stop spa solution in St Laurent &amp; Montreal for most skin concerns and needs. We offer a range of treatments, including Laser Hair Removal, Facial Rejuvenation, HydraFacial, Microneedling &amp; Dermaplaning, as well as more sophisticated treatments for Melasma &amp; Acne.","url":"https:\/\/ospaboutique.com\/fr\/","email":"info@ospaboutique.com","telephone":"+15147449978","foundingDate":"1996-02-17","numberOfEmployees":{"@type":"QuantitativeValue","value":2},"logo":{"@type":"ImageObject","url":"https:\/\/ospaboutique.com\/wp-content\/uploads\/2023\/02\/O-SPA-BOUTIQUE-LASER-HAIR-REMOVAL-FACIAL-MASSAGE-MEMBERSHIP_LOGO.webp","@id":"https:\/\/ospaboutique.com\/fr\/facial-spa\/#organizationLogo","width":150,"height":104,"caption":"logo - o spa boutique logo"},"image":{"@id":"https:\/\/ospaboutique.com\/fr\/facial-spa\/#organizationLogo"},"sameAs":["https:\/\/facebook.com\/","https:\/\/instagram.com\/","https:\/\/tiktok.com\/@","https:\/\/pinterest.com\/","https:\/\/youtube.com\/","https:\/\/linkedin.com\/in\/"],"address":{"@id":"https:\/\/ospaboutique.com\/fr\/#postaladdress","@type":"PostalAddress","streetAddress":"815 Boulevard Cote Vertu Ouest #203,","postalCode":"H4L 1Y6","addressLocality":"Saint-Laurent","addressRegion":"Quebec","addressCountry":"CA"}},{"@type":"Person","@id":"https:\/\/ospaboutique.com\/fr\/author\/admin\/#author","url":"https:\/\/ospaboutique.com\/fr\/author\/admin\/","name":"Souzan Dayoub","image":{"@type":"ImageObject","url":"https:\/\/secure.gravatar.com\/avatar\/7c44dc58a0cbe676399632bf278024e948e463c0fcaa52dee40143c23de0434d?s=96&d=mm&r=g"}},{"@type":"WebPage","@id":"https:\/\/ospaboutique.com\/fr\/facial-spa\/#webpage","url":"https:\/\/ospaboutique.com\/fr\/facial-spa\/","name":"Facial spa \u00e0 Montr\u00e9al: des soins experts pour une peau saine","description":"Trouver un facial spa \u00e0 Montr\u00e9al qui inspire confiance peut sembler complexe.La pollution urbaine, le stress, les hivers rigoureux et un rythme de vie soutenu marquent rapidement la peau.Teint terne, ridules, d\u00e9shydratation ou texture irr\u00e9guli\u00e8re persistent souvent malgr\u00e9 une bonne routine \u00e0 domicile. Des soins professionnels existent pour r\u00e9\u00e9quilibrer la peau et restaurer l\u2019assurance.Chez \u00d4","inLanguage":"fr-FR","isPartOf":{"@id":"https:\/\/ospaboutique.com\/fr\/#website"},"breadcrumb":{"@id":"https:\/\/ospaboutique.com\/fr\/facial-spa\/#breadcrumblist"},"author":{"@id":"https:\/\/ospaboutique.com\/fr\/author\/admin\/#author"},"creator":{"@id":"https:\/\/ospaboutique.com\/fr\/author\/admin\/#author"},"image":{"@type":"ImageObject","url":"https:\/\/ospaboutique.com\/wp-content\/uploads\/2026\/01\/banner-serums-1444x819-notext.jpg","@id":"https:\/\/ospaboutique.com\/fr\/facial-spa\/#mainImage","width":1444,"height":819,"caption":"facial spa"},"primaryImageOfPage":{"@id":"https:\/\/ospaboutique.com\/fr\/facial-spa\/#mainImage"},"datePublished":"2025-01-25T00:46:20+00:00","dateModified":"2026-03-08T22:15:33+00:00"},{"@type":"WebSite","@id":"https:\/\/ospaboutique.com\/fr\/#website","url":"https:\/\/ospaboutique.com\/fr\/","name":"\u00d4 Spa Boutique","description":"Laser Hair Remova, Facial, Micropigmentation, Microblading, Microneedling, Microdermabrasion","inLanguage":"fr-FR","publisher":{"@id":"https:\/\/ospaboutique.com\/fr\/#organization"}}]},"og:locale":"fr_FR","og:site_name":"O Spa Boutique | Laser Hair Remova, Facial, Micropigmentation, Microblading, Microneedling, Microdermabrasion","og:type":"article","og:title":"Facial spa \u00e0 Montr\u00e9al: des soins experts pour une peau saine","og:description":"Trouver un facial spa \u00e0 Montr\u00e9al qui inspire confiance peut sembler complexe.La pollution urbaine, le stress, les hivers rigoureux et un rythme de vie soutenu marquent rapidement la peau.Teint terne, ridules, d\u00e9shydratation ou texture irr\u00e9guli\u00e8re persistent souvent malgr\u00e9 une bonne routine \u00e0 domicile. Des soins professionnels existent pour r\u00e9\u00e9quilibrer la peau et restaurer l\u2019assurance.Chez \u00d4","og:url":"https:\/\/ospaboutique.com\/fr\/facial-spa\/","og:image":"https:\/\/ospaboutique.com\/wp-content\/uploads\/2023\/02\/O-SPA-BOUTIQUE-LASER-HAIR-REMOVAL-FACIAL-MASSAGE-MEMBERSHIP_LOGO.webp","og:image:secure_url":"https:\/\/ospaboutique.com\/wp-content\/uploads\/2023\/02\/O-SPA-BOUTIQUE-LASER-HAIR-REMOVAL-FACIAL-MASSAGE-MEMBERSHIP_LOGO.webp","og:image:width":150,"og:image:height":104,"article:published_time":"2025-01-25T00:46:20+00:00","article:modified_time":"2026-03-08T22:15:33+00:00","twitter:card":"summary_large_image","twitter:title":"Facial spa \u00e0 Montr\u00e9al: des soins experts pour une peau saine","twitter:description":"Trouver un facial spa \u00e0 Montr\u00e9al qui inspire confiance peut sembler complexe.La pollution urbaine, le stress, les hivers rigoureux et un rythme de vie soutenu marquent rapidement la peau.Teint terne, ridules, d\u00e9shydratation ou texture irr\u00e9guli\u00e8re persistent souvent malgr\u00e9 une bonne routine \u00e0 domicile. Des soins professionnels existent pour r\u00e9\u00e9quilibrer la peau et restaurer l\u2019assurance.Chez \u00d4","twitter:image":"https:\/\/ospaboutique.com\/wp-content\/uploads\/2023\/02\/O-SPA-BOUTIQUE-LASER-HAIR-REMOVAL-FACIAL-MASSAGE-MEMBERSHIP_LOGO.webp"},"aioseo_meta_data":{"post_id":"15476","title":"Facial spa \u00e0 Montr\u00e9al: des soins experts pour une peau saine","description":null,"keywords":null,"keyphrases":{"focus":{"keyphrase":"facial spa","score":90,"analysis":{"keyphraseInTitle":{"score":9,"maxScore":9,"error":0},"keyphraseInDescription":{"score":9,"maxScore":9,"error":0},"keyphraseLength":{"score":9,"maxScore":9,"error":0,"length":2},"keyphraseInURL":{"score":5,"maxScore":5,"error":0},"keyphraseInIntroduction":{"score":9,"maxScore":9,"error":0},"keyphraseInSubHeadings":{"score":3,"maxScore":9,"error":1},"keyphraseInImageAlt":[],"keywordDensity":{"type":"best","score":9,"maxScore":9,"error":0}}},"additional":[]},"primary_term":null,"canonical_url":null,"og_title":null,"og_description":null,"og_object_type":"default","og_image_type":"default","og_image_url":null,"og_image_width":null,"og_image_height":null,"og_image_custom_url":null,"og_image_custom_fields":null,"og_video":"","og_custom_url":null,"og_article_section":null,"og_article_tags":null,"twitter_use_og":false,"twitter_card":"default","twitter_image_type":"default","twitter_image_url":null,"twitter_image_custom_url":null,"twitter_image_custom_fields":null,"twitter_title":null,"twitter_description":null,"schema":{"blockGraphs":[],"customGraphs":[],"default":{"data":{"Article":{"id":"#aioseo-article-mkk0iovz","slug":"article","graphName":"Article","label":"Article","properties":{"type":"BlogPosting","name":"#post_title","headline":"#post_title","description":"","image":"https:\/\/ospaboutique.com\/wp-content\/uploads\/2026\/01\/banner-serums-1444x819-notext.jpg","keywords":"[{\"label\":\"Facial spa\",\"value\":\"Facial spa\"}]","author":{"name":"#author_name","url":"#author_url"},"dates":{"include":true,"datePublished":"","dateModified":""}}},"Course":[],"Dataset":[],"FAQPage":[],"Movie":[],"Person":[],"Product":[],"ProductReview":[],"Car":[],"Recipe":[],"Service":[],"SoftwareApplication":[],"WebPage":[]},"graphName":"BlogPosting","isEnabled":true},"graphs":[]},"schema_type":"default","schema_type_options":null,"pillar_content":false,"robots_default":true,"robots_noindex":false,"robots_noarchive":false,"robots_nosnippet":false,"robots_nofollow":false,"robots_noimageindex":false,"robots_noodp":false,"robots_notranslate":false,"robots_max_snippet":"-1","robots_max_videopreview":"-1","robots_max_imagepreview":"large","priority":null,"frequency":"default","local_seo":null,"seo_analyzer_scan_date":"2026-03-08 22:19:49","breadcrumb_settings":null,"limit_modified_date":false,"reviewed_by":"0","open_ai":null,"ai":{"faqs":[],"keyPoints":[],"titles":[],"descriptions":[],"socialPosts":{"email":[],"linkedin":[],"twitter":[],"facebook":[],"instagram":[]}},"created":"2025-12-23 00:46:20","updated":"2026-03-08 22:19:49"},"aioseo_breadcrumb":"<div class=\"aioseo-breadcrumbs\"><span class=\"aioseo-breadcrumb\">\n\t<a href=\"https:\/\/ospaboutique.com\/fr\/\" title=\"Home\">Home<\/a>\n<\/span><span class=\"aioseo-breadcrumb-separator\">&raquo;<\/span><span class=\"aioseo-breadcrumb\">\n\t<a href=\"https:\/\/ospaboutique.com\/fr\/category\/hydra-facial\/\" title=\"Hydra Facial\">Hydra Facial<\/a>\n<\/span><span class=\"aioseo-breadcrumb-separator\">&raquo;<\/span><span class=\"aioseo-breadcrumb\">\n\tFacial spa \u00e0 Montr\u00e9al : des soins experts pour une peau saine et lumineuse\n<\/span><\/div>","aioseo_breadcrumb_json":[{"label":"Home","link":"https:\/\/ospaboutique.com\/fr\/"},{"label":"Hydra Facial","link":"https:\/\/ospaboutique.com\/fr\/category\/hydra-facial\/"},{"label":"Facial spa \u00e0 Montr\u00e9al : des soins experts pour une peau saine et lumineuse","link":"https:\/\/ospaboutique.com\/fr\/facial-spa\/"}],"_links":{"self":[{"href":"https:\/\/ospaboutique.com\/fr\/wp-json\/wp\/v2\/posts\/15476","targetHints":{"allow":["GET"]}}],"collection":[{"href":"https:\/\/ospaboutique.com\/fr\/wp-json\/wp\/v2\/posts"}],"about":[{"href":"https:\/\/ospaboutique.com\/fr\/wp-json\/wp\/v2\/types\/post"}],"author":[{"embeddable":true,"href":"https:\/\/ospaboutique.com\/fr\/wp-json\/wp\/v2\/users\/1"}],"replies":[{"embeddable":true,"href":"https:\/\/ospaboutique.com\/fr\/wp-json\/wp\/v2\/comments?post=15476"}],"version-history":[{"count":0,"href":"https:\/\/ospaboutique.com\/fr\/wp-json\/wp\/v2\/posts\/15476\/revisions"}],"wp:featuredmedia":[{"embeddable":true,"href":"https:\/\/ospaboutique.com\/fr\/wp-json\/wp\/v2\/media\/15901"}],"wp:attachment":[{"href":"https:\/\/ospaboutique.com\/fr\/wp-json\/wp\/v2\/media?parent=15476"}],"wp:term":[{"taxonomy":"category","embeddable":true,"href":"https:\/\/ospaboutique.com\/fr\/wp-json\/wp\/v2\/categories?post=15476"},{"taxonomy":"post_tag","embeddable":true,"href":"https:\/\/ospaboutique.com\/fr\/wp-json\/wp\/v2\/tags?post=15476"}],"curies":[{"name":"wp","href":"https:\/\/api.w.org\/{rel}","templated":true}]}}