{"id":14683,"date":"2024-09-01T14:49:15","date_gmt":"2024-09-01T14:49:15","guid":{"rendered":"https:\/\/ospaboutique.com\/les-secrets-dune-peau-parfaite-avec-le-meilleur-soin-du-visage-de-montreal\/"},"modified":"2026-02-09T19:16:08","modified_gmt":"2026-02-09T19:16:08","slug":"soins-facial","status":"publish","type":"post","link":"https:\/\/ospaboutique.com\/fr\/soins-facial\/","title":{"rendered":"Soins Facial : Offrez \u00e0 Votre Peau un Nouveau D\u00e9part Apr\u00e8s l\u2019\u00c9t\u00e9"},"content":{"rendered":"\t\t<div data-elementor-type=\"wp-post\" data-elementor-id=\"14683\" class=\"elementor elementor-14683\" data-elementor-post-type=\"post\">\n\t\t\t\t\t\t<section class=\"elementor-section elementor-top-section elementor-element elementor-element-a5fa2ad elementor-section-boxed elementor-section-height-default elementor-section-height-default\" data-id=\"a5fa2ad\" data-element_type=\"section\" data-e-type=\"section\">\n\t\t\t\t\t\t<div class=\"elementor-container elementor-column-gap-default\">\n\t\t\t\t\t<div class=\"elementor-column elementor-col-100 elementor-top-column elementor-element elementor-element-6aad315\" data-id=\"6aad315\" data-element_type=\"column\" data-e-type=\"column\">\n\t\t\t<div class=\"elementor-widget-wrap elementor-element-populated\">\n\t\t\t\t\t\t<div class=\"elementor-element elementor-element-9f62189 elementor-widget elementor-widget-text-editor\" data-id=\"9f62189\" data-element_type=\"widget\" data-e-type=\"widget\" data-widget_type=\"text-editor.default\">\n\t\t\t\t\t\t\t\t\t<p>Prendre soin de votre peau apr\u00e8s l&rsquo;\u00e9t\u00e9 n&rsquo;est pas un simple luxe, c&rsquo;est une vraie n\u00e9cessit\u00e9. \u00c0 Montr\u00e9al, le climat rigoureux exige une attention particuli\u00e8re, surtout apr\u00e8s des mois d\u2019exposition au soleil, \u00e0 la chaleur, et \u00e0 la pollution. Les soins facial sont la cl\u00e9 pour restaurer l\u2019hydratation, r\u00e9parer les dommages et retrouver une peau \u00e9clatante avant l\u2019arriv\u00e9e de l\u2019automne.<\/p><p>Dans cet article, d\u00e9couvrez pourquoi ces soins sont essentiels, quels sont les meilleurs traitements disponibles, et comment choisir le soin facial id\u00e9al \u00e0 Montr\u00e9al.<\/p>\t\t\t\t\t\t\t\t<\/div>\n\t\t\t\t\t<\/div>\n\t\t<\/div>\n\t\t\t\t\t<\/div>\n\t\t<\/section>\n\t\t\t\t<section class=\"elementor-section elementor-top-section elementor-element elementor-element-2da8a71 elementor-section-boxed elementor-section-height-default elementor-section-height-default\" data-id=\"2da8a71\" data-element_type=\"section\" data-e-type=\"section\">\n\t\t\t\t\t\t<div class=\"elementor-container elementor-column-gap-default\">\n\t\t\t\t\t<div class=\"elementor-column elementor-col-100 elementor-top-column elementor-element elementor-element-1c77598\" data-id=\"1c77598\" data-element_type=\"column\" data-e-type=\"column\">\n\t\t\t<div class=\"elementor-widget-wrap elementor-element-populated\">\n\t\t\t\t\t\t<div class=\"elementor-element elementor-element-61ed775 elementor-widget elementor-widget-heading\" data-id=\"61ed775\" data-element_type=\"widget\" data-e-type=\"widget\" data-widget_type=\"heading.default\">\n\t\t\t\t\t<h2 class=\"elementor-heading-title elementor-size-default\">Pourquoi Les Soins Facial Sont-Ils Indispensables Apr\u00e8s l\u2019\u00c9t\u00e9 ?<\/h2>\t\t\t\t<\/div>\n\t\t\t\t<div class=\"elementor-element elementor-element-ae9bc58 elementor-widget elementor-widget-text-editor\" data-id=\"ae9bc58\" data-element_type=\"widget\" data-e-type=\"widget\" data-widget_type=\"text-editor.default\">\n\t\t\t\t\t\t\t\t\t<p>L\u2019\u00e9t\u00e9 est une p\u00e9riode o\u00f9 votre peau subit de nombreuses agressions ext\u00e9rieures :<\/p><ul><li><strong>Exposition aux rayons UV :<\/strong> Cela entra\u00eene des taches, une perte d&rsquo;\u00e9lasticit\u00e9, et des signes pr\u00e9matur\u00e9s de vieillissement.<\/li><li><strong>Chaleur et pollution :<\/strong> Ces facteurs obstruent les pores et augmentent les imperfections.<\/li><li><strong>D\u00e9shydratation :<\/strong> L\u2019eau de mer et les produits solaires ass\u00e8chent la peau.<\/li><\/ul><p>Un soin facial bien adapt\u00e9 permet de :<\/p><ul><li><strong>R\u00e9hydrater en profondeur :<\/strong> Retrouver une peau souple et confortable.<\/li><li><strong>Nettoyer les pores obstru\u00e9s :<\/strong> Pr\u00e9venir les points noirs et les \u00e9ruptions cutan\u00e9es.<\/li><li><strong>R\u00e9parer les dommages UV :<\/strong> Stimuler la r\u00e9g\u00e9n\u00e9ration cellulaire pour r\u00e9duire les taches et rides.<\/li><li><strong>Pr\u00e9parer la peau pour l\u2019automne :<\/strong> Renforcer la barri\u00e8re cutan\u00e9e avant le froid.<\/li><\/ul><p>Les <strong>soins facial<\/strong> ne se limitent pas \u00e0 l\u2019esth\u00e9tique. Ils sont essentiels pour maintenir une peau en bonne sant\u00e9.<\/p>\t\t\t\t\t\t\t\t<\/div>\n\t\t\t\t\t<\/div>\n\t\t<\/div>\n\t\t\t\t\t<\/div>\n\t\t<\/section>\n\t\t\t\t<section class=\"elementor-section elementor-top-section elementor-element elementor-element-7d9e5dd elementor-section-boxed elementor-section-height-default elementor-section-height-default\" data-id=\"7d9e5dd\" data-element_type=\"section\" data-e-type=\"section\">\n\t\t\t\t\t\t<div class=\"elementor-container elementor-column-gap-default\">\n\t\t\t\t\t<div class=\"elementor-column elementor-col-100 elementor-top-column elementor-element elementor-element-8907323\" data-id=\"8907323\" data-element_type=\"column\" data-e-type=\"column\">\n\t\t\t<div class=\"elementor-widget-wrap elementor-element-populated\">\n\t\t\t\t\t\t<div class=\"elementor-element elementor-element-115d4c7 elementor-widget elementor-widget-heading\" data-id=\"115d4c7\" data-element_type=\"widget\" data-e-type=\"widget\" data-widget_type=\"heading.default\">\n\t\t\t\t\t<h2 class=\"elementor-heading-title elementor-size-default\">Les Bienfaits des Soins Facial \u00e0 Montr\u00e9al<\/h2>\t\t\t\t<\/div>\n\t\t\t\t<div class=\"elementor-element elementor-element-d89dc8c elementor-widget elementor-widget-text-editor\" data-id=\"d89dc8c\" data-element_type=\"widget\" data-e-type=\"widget\" data-widget_type=\"text-editor.default\">\n\t\t\t\t\t\t\t\t\t<p>\u00c0 Montr\u00e9al, le climat varie \u00e9norm\u00e9ment entre les saisons. Cela rend les besoins de votre peau uniques. Les soins facial offerts ici prennent en compte ces sp\u00e9cificit\u00e9s :<\/p><ul><li><strong>Hydratation en profondeur :<\/strong> Id\u00e9al pour combattre la s\u00e9cheresse post-\u00e9t\u00e9.<\/li><li><strong>Nettoyage des pores :<\/strong> \u00c9limination des impuret\u00e9s pour une peau plus nette.<\/li><li><strong>Anti-\u00e2ge :<\/strong> Pr\u00e9vention et r\u00e9duction des rides gr\u00e2ce \u00e0 des ingr\u00e9dients comme la vitamine C et l\u2019acide hyaluronique.<\/li><li><strong>Eclat imm\u00e9diat :<\/strong> Retrouver un teint lumineux et uniforme.<\/li><\/ul>\t\t\t\t\t\t\t\t<\/div>\n\t\t\t\t\t<\/div>\n\t\t<\/div>\n\t\t\t\t\t<\/div>\n\t\t<\/section>\n\t\t\t\t<section class=\"elementor-section elementor-top-section elementor-element elementor-element-20b6fe2 elementor-section-boxed elementor-section-height-default elementor-section-height-default\" data-id=\"20b6fe2\" data-element_type=\"section\" data-e-type=\"section\">\n\t\t\t\t\t\t<div class=\"elementor-container elementor-column-gap-default\">\n\t\t\t\t\t<div class=\"elementor-column elementor-col-100 elementor-top-column elementor-element elementor-element-95b78e6\" data-id=\"95b78e6\" data-element_type=\"column\" data-e-type=\"column\">\n\t\t\t<div class=\"elementor-widget-wrap elementor-element-populated\">\n\t\t\t\t\t\t<div class=\"elementor-element elementor-element-c749f2f elementor-widget elementor-widget-image\" data-id=\"c749f2f\" data-element_type=\"widget\" data-e-type=\"widget\" data-widget_type=\"image.default\">\n\t\t\t\t\t\t\t\t\t\t\t\t\t\t\t<img fetchpriority=\"high\" decoding=\"async\" width=\"800\" height=\"533\" src=\"https:\/\/ospaboutique.com\/wp-content\/uploads\/2022\/04\/Styleinspiratrice_Esthederm_Treatment-4.jpeg\" class=\"attachment-large size-large wp-image-7309\" alt=\"Montreal facial-Soins facial-montreal facial treatments\" srcset=\"https:\/\/ospaboutique.com\/wp-content\/uploads\/2022\/04\/Styleinspiratrice_Esthederm_Treatment-4.jpeg 800w, https:\/\/ospaboutique.com\/wp-content\/uploads\/2022\/04\/Styleinspiratrice_Esthederm_Treatment-4-300x200.jpeg 300w, https:\/\/ospaboutique.com\/wp-content\/uploads\/2022\/04\/Styleinspiratrice_Esthederm_Treatment-4-768x512.jpeg 768w, https:\/\/ospaboutique.com\/wp-content\/uploads\/2022\/04\/Styleinspiratrice_Esthederm_Treatment-4-610x406.jpeg 610w, https:\/\/ospaboutique.com\/wp-content\/uploads\/2022\/04\/Styleinspiratrice_Esthederm_Treatment-4-600x400.jpeg 600w\" sizes=\"(max-width: 800px) 100vw, 800px\" \/>\t\t\t\t\t\t\t\t\t\t\t\t\t\t\t<\/div>\n\t\t\t\t\t<\/div>\n\t\t<\/div>\n\t\t\t\t\t<\/div>\n\t\t<\/section>\n\t\t\t\t<section class=\"elementor-section elementor-top-section elementor-element elementor-element-9bd34ab elementor-section-boxed elementor-section-height-default elementor-section-height-default\" data-id=\"9bd34ab\" data-element_type=\"section\" data-e-type=\"section\">\n\t\t\t\t\t\t<div class=\"elementor-container elementor-column-gap-default\">\n\t\t\t\t\t<div class=\"elementor-column elementor-col-100 elementor-top-column elementor-element elementor-element-236e75b\" data-id=\"236e75b\" data-element_type=\"column\" data-e-type=\"column\">\n\t\t\t<div class=\"elementor-widget-wrap elementor-element-populated\">\n\t\t\t\t\t\t<div class=\"elementor-element elementor-element-9e95435 elementor-widget elementor-widget-heading\" data-id=\"9e95435\" data-element_type=\"widget\" data-e-type=\"widget\" data-widget_type=\"heading.default\">\n\t\t\t\t\t<h2 class=\"elementor-heading-title elementor-size-default\">Types de Soins Facial \u00e0 D\u00e9couvrir \u00e0 Montr\u00e9al<\/h2>\t\t\t\t<\/div>\n\t\t\t\t<div class=\"elementor-element elementor-element-8e581d5 elementor-widget elementor-widget-text-editor\" data-id=\"8e581d5\" data-element_type=\"widget\" data-e-type=\"widget\" data-widget_type=\"text-editor.default\">\n\t\t\t\t\t\t\t\t\t<h5><strong>1. Soins Facial Hydratants<\/strong><\/h5><p>Ces soins sont parfaits pour les peaux d\u00e9shydrat\u00e9es ou sensibles.<\/p><ul><li><strong>Pour qui ?<\/strong> Les personnes souffrant de tiraillements ou de rougeurs apr\u00e8s l&rsquo;\u00e9t\u00e9.<\/li><li><strong>Avantages :<\/strong> Hydratation intense, apaisement des irritations, et confort imm\u00e9diat.<\/li><\/ul><h5><strong>2. Soins Facial Nettoyants Profonds<\/strong><\/h5><p>Recommand\u00e9s pour \u00e9liminer les r\u00e9sidus de sueur, maquillage, et pollution.<\/p><ul><li><strong>Pour qui ?<\/strong> Les peaux grasses ou sujettes aux imperfections.<\/li><li><strong>Avantages :<\/strong> Pores d\u00e9sobstru\u00e9s, texture de peau affin\u00e9e, et teint plus uniforme.<\/li><\/ul><h5><strong>3. Soins Facial \u00c9claircissants<\/strong><\/h5><p>Id\u00e9al pour traiter les taches brunes caus\u00e9es par le soleil.<\/p><ul><li><strong>Pour qui ?<\/strong> Ceux qui souhaitent unifier leur teint.<\/li><li><strong>Avantages :<\/strong> R\u00e9duction des taches pigmentaires et peau visiblement lumineuse.<\/li><\/ul><h5><strong>4. Soins Facial Anti-\u00c2ge<\/strong><\/h5><p>Ces soins ciblent les rides, la perte de fermet\u00e9, et le rel\u00e2chement cutan\u00e9.<\/p><ul><li><strong>Pour qui ?<\/strong> Les peaux matures ou expos\u00e9es intens\u00e9ment au soleil.<\/li><li><strong>Avantages :<\/strong> Stimulation du collag\u00e8ne, fermet\u00e9 renforc\u00e9e, et peau rajeunie.<\/li><\/ul>\t\t\t\t\t\t\t\t<\/div>\n\t\t\t\t\t<\/div>\n\t\t<\/div>\n\t\t\t\t\t<\/div>\n\t\t<\/section>\n\t\t\t\t<section class=\"elementor-section elementor-top-section elementor-element elementor-element-3dac3e9 elementor-section-boxed elementor-section-height-default elementor-section-height-default\" data-id=\"3dac3e9\" data-element_type=\"section\" data-e-type=\"section\">\n\t\t\t\t\t\t<div class=\"elementor-container elementor-column-gap-default\">\n\t\t\t\t\t<div class=\"elementor-column elementor-col-100 elementor-top-column elementor-element elementor-element-ebbb643\" data-id=\"ebbb643\" data-element_type=\"column\" data-e-type=\"column\">\n\t\t\t<div class=\"elementor-widget-wrap elementor-element-populated\">\n\t\t\t\t\t\t<div class=\"elementor-element elementor-element-ef309d5 elementor-widget elementor-widget-heading\" data-id=\"ef309d5\" data-element_type=\"widget\" data-e-type=\"widget\" data-widget_type=\"heading.default\">\n\t\t\t\t\t<h2 class=\"elementor-heading-title elementor-size-default\">Comment Choisir le Bon Soins Facial \u00e0 Montr\u00e9al ?<\/h2>\t\t\t\t<\/div>\n\t\t\t\t<div class=\"elementor-element elementor-element-3dd73f4 elementor-widget elementor-widget-text-editor\" data-id=\"3dd73f4\" data-element_type=\"widget\" data-e-type=\"widget\" data-widget_type=\"text-editor.default\">\n\t\t\t\t\t\t\t\t\t<h5><strong>1. Identifiez Votre Type de Peau<\/strong><\/h5><p>Conna\u00eetre votre type de peau est essentiel pour choisir le soin adapt\u00e9 :<\/p><ul><li><strong>Peau grasse :<\/strong> Optez pour un soin purifiant.<\/li><li><strong>Peau s\u00e8che :<\/strong> Choisissez un soin ultra-hydratant.<\/li><li><strong>Peau sensible :<\/strong> Privil\u00e9giez les soins apaisants.<\/li><\/ul><h5><strong>2. Consultez un Expert<\/strong><\/h5><p>Un professionnel analysera votre peau et recommandera le traitement le plus appropri\u00e9.<\/p><h5><strong>3. Recherchez les Bons Ingr\u00e9dients<\/strong><\/h5><p>Certains ingr\u00e9dients sont essentiels pour des r\u00e9sultats optimaux :<\/p><ul><li><strong>Vitamine C :<\/strong> R\u00e9duction des taches et \u00e9clat imm\u00e9diat.<\/li><li><strong>Acide hyaluronique :<\/strong> Hydratation intense et repulpante.<\/li><li><strong>Enzymes naturelles :<\/strong> Exfoliation douce pour un teint lumineux.<\/li><\/ul>\t\t\t\t\t\t\t\t<\/div>\n\t\t\t\t\t<\/div>\n\t\t<\/div>\n\t\t\t\t\t<\/div>\n\t\t<\/section>\n\t\t\t\t<section class=\"elementor-section elementor-top-section elementor-element elementor-element-2e3ce42 elementor-section-boxed elementor-section-height-default elementor-section-height-default\" data-id=\"2e3ce42\" data-element_type=\"section\" data-e-type=\"section\">\n\t\t\t\t\t\t<div class=\"elementor-container elementor-column-gap-default\">\n\t\t\t\t\t<div class=\"elementor-column elementor-col-100 elementor-top-column elementor-element elementor-element-1126a84\" data-id=\"1126a84\" data-element_type=\"column\" data-e-type=\"column\">\n\t\t\t<div class=\"elementor-widget-wrap elementor-element-populated\">\n\t\t\t\t\t\t<div class=\"elementor-element elementor-element-dcde65e elementor-widget elementor-widget-heading\" data-id=\"dcde65e\" data-element_type=\"widget\" data-e-type=\"widget\" data-widget_type=\"heading.default\">\n\t\t\t\t\t<h2 class=\"elementor-heading-title elementor-size-default\">Maximiser les Bienfaits de Votre Soins Facial<\/h2>\t\t\t\t<\/div>\n\t\t\t\t<div class=\"elementor-element elementor-element-4c151e7 elementor-widget elementor-widget-text-editor\" data-id=\"4c151e7\" data-element_type=\"widget\" data-e-type=\"widget\" data-widget_type=\"text-editor.default\">\n\t\t\t\t\t\t\t\t\t<p>Pour prolonger les r\u00e9sultats d\u2019un soin facial, adoptez une routine quotidienne :<\/p><ol><li><strong>Nettoyage doux :<\/strong> Utilisez un nettoyant adapt\u00e9 pour \u00e9liminer les impuret\u00e9s.<\/li><li><strong>Hydratation matin et soir :<\/strong> Pr\u00e9servez l\u2019\u00e9lasticit\u00e9 de votre peau.<\/li><li><strong>Protection solaire :<\/strong> M\u00eame en automne, appliquez une cr\u00e8me solaire pour \u00e9viter de nouveaux dommages.<\/li><li><strong>Exfoliation hebdomadaire :<\/strong> Retirez les cellules mortes pour maintenir un teint \u00e9clatant.<\/li><\/ol>\t\t\t\t\t\t\t\t<\/div>\n\t\t\t\t\t<\/div>\n\t\t<\/div>\n\t\t\t\t\t<\/div>\n\t\t<\/section>\n\t\t\t\t<section class=\"elementor-section elementor-top-section elementor-element elementor-element-3aba7cf elementor-section-boxed elementor-section-height-default elementor-section-height-default\" data-id=\"3aba7cf\" data-element_type=\"section\" data-e-type=\"section\">\n\t\t\t\t\t\t<div class=\"elementor-container elementor-column-gap-default\">\n\t\t\t\t\t<div class=\"elementor-column elementor-col-100 elementor-top-column elementor-element elementor-element-cebb63a\" data-id=\"cebb63a\" data-element_type=\"column\" data-e-type=\"column\">\n\t\t\t<div class=\"elementor-widget-wrap elementor-element-populated\">\n\t\t\t\t\t\t<div class=\"elementor-element elementor-element-651e351 elementor-widget elementor-widget-heading\" data-id=\"651e351\" data-element_type=\"widget\" data-e-type=\"widget\" data-widget_type=\"heading.default\">\n\t\t\t\t\t<h2 class=\"elementor-heading-title elementor-size-default\">Pourquoi Choisir \u00d4 Spa Boutique pour Vos Soins Facial ?<\/h2>\t\t\t\t<\/div>\n\t\t\t\t<div class=\"elementor-element elementor-element-6be9da2 elementor-widget elementor-widget-text-editor\" data-id=\"6be9da2\" data-element_type=\"widget\" data-e-type=\"widget\" data-widget_type=\"text-editor.default\">\n\t\t\t\t\t\t\t\t\t<p>\u00c0 Montr\u00e9al, <strong>\u00d4 Spa Boutique<\/strong> est l\u2019endroit id\u00e9al pour un soin facial personnalis\u00e9. Voici pourquoi :<\/p><ul><li><strong>Une \u00e9quipe exp\u00e9riment\u00e9e :<\/strong> Nos esth\u00e9ticiennes utilisent les derni\u00e8res techniques pour des r\u00e9sultats optimaux.<\/li><li><strong>Produits de haute qualit\u00e9 :<\/strong> Formul\u00e9s avec des ingr\u00e9dients naturels et innovants.<\/li><li><strong>Ambiance relaxante :<\/strong> Profitez d\u2019un moment de d\u00e9tente tout en prenant soin de votre peau.<\/li><li><strong>Offres exclusives :<\/strong> R\u00e9servez d\u00e8s maintenant et b\u00e9n\u00e9ficiez de r\u00e9ductions sp\u00e9ciales.<\/li><\/ul><hr \/>\t\t\t\t\t\t\t\t<\/div>\n\t\t\t\t\t<\/div>\n\t\t<\/div>\n\t\t\t\t\t<\/div>\n\t\t<\/section>\n\t\t\t\t<section class=\"elementor-section elementor-top-section elementor-element elementor-element-c0feb66 elementor-section-boxed elementor-section-height-default elementor-section-height-default\" data-id=\"c0feb66\" data-element_type=\"section\" data-e-type=\"section\">\n\t\t\t\t\t\t<div class=\"elementor-container elementor-column-gap-default\">\n\t\t\t\t\t<div class=\"elementor-column elementor-col-100 elementor-top-column elementor-element elementor-element-dc36ed5\" data-id=\"dc36ed5\" data-element_type=\"column\" data-e-type=\"column\">\n\t\t\t<div class=\"elementor-widget-wrap elementor-element-populated\">\n\t\t\t\t\t\t<div class=\"elementor-element elementor-element-9d2c3ed elementor-widget elementor-widget-heading\" data-id=\"9d2c3ed\" data-element_type=\"widget\" data-e-type=\"widget\" data-widget_type=\"heading.default\">\n\t\t\t\t\t<h2 class=\"elementor-heading-title elementor-size-default\">Les Meilleurs Moments pour Planifier un Soins Facial<\/h2>\t\t\t\t<\/div>\n\t\t\t\t<div class=\"elementor-element elementor-element-a2761fe elementor-widget elementor-widget-text-editor\" data-id=\"a2761fe\" data-element_type=\"widget\" data-e-type=\"widget\" data-widget_type=\"text-editor.default\">\n\t\t\t\t\t\t\t\t\t<p>L\u2019automne est la saison id\u00e9ale pour investir dans des soins facial. Apr\u00e8s l\u2019\u00e9t\u00e9, votre peau a besoin de se r\u00e9g\u00e9n\u00e9rer et de se pr\u00e9parer aux mois plus froids.<\/p><p>Planifiez un <a href=\"https:\/\/fr.wikipedia.org\/wiki\/Soin_du_visage\">soin facial<\/a> d\u00e8s septembre pour :<\/p><ul><li>R\u00e9parer les dommages caus\u00e9s par le soleil.<\/li><li>Restaurer l\u2019hydratation perdue.<\/li><li>Pr\u00e9venir les effets du froid sur votre peau.<\/li><\/ul>\t\t\t\t\t\t\t\t<\/div>\n\t\t\t\t<div class=\"elementor-element elementor-element-e1a8efc elementor-widget elementor-widget-heading\" data-id=\"e1a8efc\" data-element_type=\"widget\" data-e-type=\"widget\" data-widget_type=\"heading.default\">\n\t\t\t\t\t<h2 class=\"elementor-heading-title elementor-size-default\">Appelez Maintenant pour Une Peau \u00c9clatante !<\/h2>\t\t\t\t<\/div>\n\t\t\t\t<div class=\"elementor-element elementor-element-ce823e4 elementor-widget elementor-widget-text-editor\" data-id=\"ce823e4\" data-element_type=\"widget\" data-e-type=\"widget\" data-widget_type=\"text-editor.default\">\n\t\t\t\t\t\t\t\t\t<p>Votre peau m\u00e9rite le meilleur apr\u00e8s l\u2019\u00e9t\u00e9. Ne laissez pas les agressions estivales affecter votre teint. Offrez-lui un soin facial adapt\u00e9 et retrouvez un \u00e9clat naturel.<\/p><p>Contactez \u00d4 Spa Boutique d\u00e8s aujourd\u2019hui au 514-744-9978 ou visitez <a href=\"http:\/\/www.ospaboutique.com\/\" target=\"_new\" rel=\"noopener\">www.ospaboutique.com<\/a>. Profitez de nos offres sp\u00e9ciales et d\u00e9couvrez des traitements sur mesure pour une peau rayonnante.<\/p>\t\t\t\t\t\t\t\t<\/div>\n\t\t\t\t\t<\/div>\n\t\t<\/div>\n\t\t\t\t\t<\/div>\n\t\t<\/section>\n\t\t\t\t<section class=\"elementor-section elementor-top-section elementor-element elementor-element-7012fc9 elementor-section-full_width elementor-section-height-min-height elementor-section-height-default elementor-section-items-middle\" data-id=\"7012fc9\" data-element_type=\"section\" data-e-type=\"section\" data-settings=\"{&quot;background_background&quot;:&quot;classic&quot;}\">\n\t\t\t\t\t\t\t<div class=\"elementor-background-overlay\"><\/div>\n\t\t\t\t\t\t\t<div class=\"elementor-container elementor-column-gap-default\">\n\t\t\t\t\t<div class=\"elementor-column elementor-col-100 elementor-top-column elementor-element elementor-element-0b7c5b2\" data-id=\"0b7c5b2\" data-element_type=\"column\" data-e-type=\"column\">\n\t\t\t<div class=\"elementor-widget-wrap elementor-element-populated\">\n\t\t\t\t\t\t<div class=\"elementor-element elementor-element-68854cc premium-header-inline premium-lq__none elementor-widget elementor-widget-premium-addon-dual-header\" data-id=\"68854cc\" data-element_type=\"widget\" data-e-type=\"widget\" data-widget_type=\"premium-addon-dual-header.default\">\n\t\t\t\t\t\n\t\t<div class=\"elementor-widget-container\">\n\t\t<div class=\"premium-dual-header-wrapper\">\n\t\t\t\t\t<h2 class=\"premium-dual-header-first-header \"><span class=\"premium-dual-header-first-span\">CONSULTATION <\/span><span class=\"premium-dual-header-second-header premium-dual-header-second-clip stroke gradient\">GRATUITE<\/span><\/h2> \t\t\t\t\t\t<\/div>\n\t\t<\/div>\n\n\t\t\t\t\t\t<\/div>\n\t\t\t\t<div class=\"elementor-element elementor-element-6da028b elementor-align-center elementor-mobile-align-center elementor-widget elementor-widget-button\" data-id=\"6da028b\" data-element_type=\"widget\" data-e-type=\"widget\" data-widget_type=\"button.default\">\n\t\t\t\t\t\t\t\t\t\t<a class=\"elementor-button elementor-button-link elementor-size-md\" href=\"https:\/\/ospaboutique.com\/fr\/consultation-gratuite\/\">\n\t\t\t\t\t\t<span class=\"elementor-button-content-wrapper\">\n\t\t\t\t\t\t\t\t\t<span class=\"elementor-button-text\">RDV<\/span>\n\t\t\t\t\t<\/span>\n\t\t\t\t\t<\/a>\n\t\t\t\t\t\t\t\t<\/div>\n\t\t\t\t\t<\/div>\n\t\t<\/div>\n\t\t\t\t\t<\/div>\n\t\t<\/section>\n\t\t\t\t<\/div>\n\t\t<span class=\"et_bloom_bottom_trigger\"><\/span>","protected":false},"excerpt":{"rendered":"<p>Prendre soin de votre peau apr\u00e8s l&rsquo;\u00e9t\u00e9 n&rsquo;est pas un simple luxe, c&rsquo;est une vraie n\u00e9cessit\u00e9. \u00c0 Montr\u00e9al, le climat rigoureux exige une attention particuli\u00e8re, surtout apr\u00e8s des mois d\u2019exposition au soleil, \u00e0 la chaleur, et \u00e0 la pollution. Les soins facial sont la cl\u00e9 pour restaurer l\u2019hydratation, r\u00e9parer les dommages et retrouver une peau [&hellip;]<\/p>\n","protected":false},"author":1,"featured_media":16373,"comment_status":"closed","ping_status":"closed","sticky":false,"template":"","format":"standard","meta":{"om_disable_all_campaigns":false,"_monsterinsights_skip_tracking":false,"_monsterinsights_sitenote_active":false,"_monsterinsights_sitenote_note":"","_monsterinsights_sitenote_category":0,"site-sidebar-layout":"default","site-content-layout":"","ast-site-content-layout":"default","site-content-style":"default","site-sidebar-style":"default","ast-global-header-display":"","ast-banner-title-visibility":"","ast-main-header-display":"","ast-hfb-above-header-display":"","ast-hfb-below-header-display":"","ast-hfb-mobile-header-display":"","site-post-title":"","ast-breadcrumbs-content":"","ast-featured-img":"","footer-sml-layout":"","ast-disable-related-posts":"","theme-transparent-header-meta":"default","adv-header-id-meta":"","stick-header-meta":"default","header-above-stick-meta":"","header-main-stick-meta":"","header-below-stick-meta":"","astra-migrate-meta-layouts":"set","ast-page-background-enabled":"default","ast-page-background-meta":{"desktop":{"background-color":"","background-image":"","background-repeat":"repeat","background-position":"center center","background-size":"auto","background-attachment":"scroll","background-type":"","background-media":"","overlay-type":"","overlay-color":"","overlay-opacity":"","overlay-gradient":""},"tablet":{"background-color":"","background-image":"","background-repeat":"repeat","background-position":"center center","background-size":"auto","background-attachment":"scroll","background-type":"","background-media":"","overlay-type":"","overlay-color":"","overlay-opacity":"","overlay-gradient":""},"mobile":{"background-color":"","background-image":"","background-repeat":"repeat","background-position":"center center","background-size":"auto","background-attachment":"scroll","background-type":"","background-media":"","overlay-type":"","overlay-color":"","overlay-opacity":"","overlay-gradient":""}},"ast-content-background-meta":{"desktop":{"background-color":"var(--ast-global-color-5)","background-image":"","background-repeat":"repeat","background-position":"center center","background-size":"auto","background-attachment":"scroll","background-type":"","background-media":"","overlay-type":"","overlay-color":"","overlay-opacity":"","overlay-gradient":""},"tablet":{"background-color":"var(--ast-global-color-5)","background-image":"","background-repeat":"repeat","background-position":"center center","background-size":"auto","background-attachment":"scroll","background-type":"","background-media":"","overlay-type":"","overlay-color":"","overlay-opacity":"","overlay-gradient":""},"mobile":{"background-color":"var(--ast-global-color-5)","background-image":"","background-repeat":"repeat","background-position":"center center","background-size":"auto","background-attachment":"scroll","background-type":"","background-media":"","overlay-type":"","overlay-color":"","overlay-opacity":"","overlay-gradient":""}},"footnotes":""},"categories":[189,125,117,99,94],"tags":[209,100,210],"class_list":["post-14683","post","type-post","status-publish","format-standard","has-post-thumbnail","hentry","category-hydrafacial-fr","category-microdermabrasion-fr","category-microneedling-fr-2","category-soins-de-la-peau","category-visage","tag-facial-fr","tag-hydrafacial-fr","tag-visage-fr"],"aioseo_notices":[],"aioseo_head":"\n\t\t<!-- All in One SEO Pro 4.9.6.2 - aioseo.com -->\n\t<meta name=\"description\" content=\"Offrez \u00e0 votre peau le meilleur avec nos soins facial \u00e0 Montr\u00e9al. D\u00e9couvrez des traitements sur mesure pour revitaliser et rajeunir apr\u00e8s l&#039;\u00e9t\u00e9.\" \/>\n\t<meta name=\"robots\" content=\"max-image-preview:large\" \/>\n\t<meta name=\"author\" content=\"Souzan Dayoub\"\/>\n\t<link rel=\"canonical\" href=\"https:\/\/ospaboutique.com\/fr\/soins-facial\/\" \/>\n\t<meta name=\"generator\" content=\"All in One SEO Pro (AIOSEO) 4.9.6.2\" \/>\n\t\t<meta property=\"og:locale\" content=\"fr_FR\" \/>\n\t\t<meta property=\"og:site_name\" content=\"O Spa Boutique | Laser Hair Remova, Facial, Micropigmentation, Microblading, Microneedling, Microdermabrasion\" \/>\n\t\t<meta property=\"og:type\" content=\"article\" \/>\n\t\t<meta property=\"og:title\" content=\"Soins Facial \u00e0 Montr\u00e9al : Rajeunissez Votre Peau Apr\u00e8s l&#039;\u00c9t\u00e9\" \/>\n\t\t<meta property=\"og:description\" content=\"Offrez \u00e0 votre peau le meilleur avec nos soins facial \u00e0 Montr\u00e9al. D\u00e9couvrez des traitements sur mesure pour revitaliser et rajeunir apr\u00e8s l&#039;\u00e9t\u00e9.\" \/>\n\t\t<meta property=\"og:url\" content=\"https:\/\/ospaboutique.com\/fr\/soins-facial\/\" \/>\n\t\t<meta property=\"og:image\" content=\"https:\/\/ospaboutique.com\/wp-content\/uploads\/2023\/02\/O-SPA-BOUTIQUE-LASER-HAIR-REMOVAL-FACIAL-MASSAGE-MEMBERSHIP_LOGO.webp\" \/>\n\t\t<meta property=\"og:image:secure_url\" content=\"https:\/\/ospaboutique.com\/wp-content\/uploads\/2023\/02\/O-SPA-BOUTIQUE-LASER-HAIR-REMOVAL-FACIAL-MASSAGE-MEMBERSHIP_LOGO.webp\" \/>\n\t\t<meta property=\"og:image:width\" content=\"150\" \/>\n\t\t<meta property=\"og:image:height\" content=\"104\" \/>\n\t\t<meta property=\"article:published_time\" content=\"2024-09-01T14:49:15+00:00\" \/>\n\t\t<meta property=\"article:modified_time\" content=\"2026-02-09T19:16:08+00:00\" \/>\n\t\t<meta name=\"twitter:card\" content=\"summary_large_image\" \/>\n\t\t<meta name=\"twitter:title\" content=\"Soins Facial \u00e0 Montr\u00e9al : Rajeunissez Votre Peau Apr\u00e8s l&#039;\u00c9t\u00e9\" \/>\n\t\t<meta name=\"twitter:description\" content=\"Offrez \u00e0 votre peau le meilleur avec nos soins facial \u00e0 Montr\u00e9al. D\u00e9couvrez des traitements sur mesure pour revitaliser et rajeunir apr\u00e8s l&#039;\u00e9t\u00e9.\" \/>\n\t\t<meta name=\"twitter:image\" content=\"https:\/\/ospaboutique.com\/wp-content\/uploads\/2023\/02\/O-SPA-BOUTIQUE-LASER-HAIR-REMOVAL-FACIAL-MASSAGE-MEMBERSHIP_LOGO.webp\" \/>\n\t\t<script type=\"application\/ld+json\" class=\"aioseo-schema\">\n\t\t\t{\"@context\":\"https:\\\/\\\/schema.org\",\"@graph\":[{\"@type\":\"BlogPosting\",\"@id\":\"https:\\\/\\\/ospaboutique.com\\\/fr\\\/soins-facial\\\/#aioseo-article-m4djifog\",\"name\":\"Soins Facial : Offrez \\u00e0 Votre Peau un Nouveau D\\u00e9part Apr\\u00e8s l\\u2019\\u00c9t\\u00e9\",\"headline\":\"Soins Facial : Offrez \\u00e0 Votre Peau un Nouveau D\\u00e9part Apr\\u00e8s l\\u2019\\u00c9t\\u00e9\",\"description\":\"Offrez \\u00e0 votre peau le meilleur avec nos soins facial \\u00e0 Montr\\u00e9al. D\\u00e9couvrez des traitements sur mesure pour revitaliser et rajeunir apr\\u00e8s l'\\u00e9t\\u00e9.\",\"author\":{\"@type\":\"Person\",\"name\":\"Souzan Dayoub\",\"url\":\"https:\\\/\\\/ospaboutique.com\\\/fr\\\/author\\\/admin\\\/\"},\"publisher\":{\"@id\":\"https:\\\/\\\/ospaboutique.com\\\/fr\\\/#organization\"},\"image\":{\"@type\":\"ImageObject\",\"url\":\"https:\\\/\\\/ospaboutique.com\\\/wp-content\\\/uploads\\\/2024\\\/09\\\/adccmin-ajaxphp_.webp\",\"width\":600,\"height\":337,\"caption\":\"chemical peel-peeling Montreal-Soins Facial\"},\"datePublished\":\"2024-09-01T14:49:15+00:00\",\"dateModified\":\"2026-02-09T19:16:08+00:00\",\"inLanguage\":\"fr-FR\",\"keywords\":\"soins facial\",\"articleSection\":\"HydraFacial, Microdermabrasion, Microneedling, Soins de la peau, Visage, Facial, Hydrafacial, Visage, Facultatif\"},{\"@type\":\"BreadcrumbList\",\"itemListElement\":[{\"@type\":\"ListItem\",\"position\":1,\"name\":\"Accueil\",\"item\":\"https:\\\/\\\/ospaboutique.com\\\/\"},{\"@type\":\"ListItem\",\"position\":2,\"name\":\"Soins du Visage\",\"item\":\"https:\\\/\\\/ospaboutique.com\\\/fr\\\/soins-de-visage\\\/\"},{\"@type\":\"ListItem\",\"position\":3,\"name\":\"Soins Facial\",\"item\":\"https:\\\/\\\/ospaboutique.com\\\/fr\\\/soins-facial\\\/\"}]},{\"@type\":\"BreadcrumbList\",\"@id\":\"https:\\\/\\\/ospaboutique.com\\\/fr\\\/soins-facial\\\/#breadcrumblist\",\"itemListElement\":[{\"@type\":\"ListItem\",\"@id\":\"https:\\\/\\\/ospaboutique.com\\\/fr\\\/#listItem\",\"position\":1,\"name\":\"Home\",\"item\":\"https:\\\/\\\/ospaboutique.com\\\/fr\\\/\",\"nextItem\":{\"@type\":\"ListItem\",\"@id\":\"https:\\\/\\\/ospaboutique.com\\\/fr\\\/category\\\/visage\\\/#listItem\",\"name\":\"Visage\"}},{\"@type\":\"ListItem\",\"@id\":\"https:\\\/\\\/ospaboutique.com\\\/fr\\\/category\\\/visage\\\/#listItem\",\"position\":2,\"name\":\"Visage\",\"item\":\"https:\\\/\\\/ospaboutique.com\\\/fr\\\/category\\\/visage\\\/\",\"nextItem\":{\"@type\":\"ListItem\",\"@id\":\"https:\\\/\\\/ospaboutique.com\\\/fr\\\/soins-facial\\\/#listItem\",\"name\":\"Soins Facial : Offrez \\u00e0 Votre Peau un Nouveau D\\u00e9part Apr\\u00e8s l\\u2019\\u00c9t\\u00e9\"},\"previousItem\":{\"@type\":\"ListItem\",\"@id\":\"https:\\\/\\\/ospaboutique.com\\\/fr\\\/#listItem\",\"name\":\"Home\"}},{\"@type\":\"ListItem\",\"@id\":\"https:\\\/\\\/ospaboutique.com\\\/fr\\\/soins-facial\\\/#listItem\",\"position\":3,\"name\":\"Soins Facial : Offrez \\u00e0 Votre Peau un Nouveau D\\u00e9part Apr\\u00e8s l\\u2019\\u00c9t\\u00e9\",\"previousItem\":{\"@type\":\"ListItem\",\"@id\":\"https:\\\/\\\/ospaboutique.com\\\/fr\\\/category\\\/visage\\\/#listItem\",\"name\":\"Visage\"}}]},{\"@type\":\"DaySpa\",\"name\":\"\\u00d4 Spa Boutique\",\"url\":\"https:\\\/\\\/ospaboutique.com\\\/fr\\\/soins-facial\\\/\",\"logo\":\"https:\\\/\\\/ospaboutique.com\\\/wp-content\\\/uploads\\\/2023\\\/03\\\/ospaboutique-logo.png\",\"image\":\"https:\\\/\\\/ospaboutique.com\\\/wp-content\\\/uploads\\\/votre-image-soins-facial.jpg\",\"description\":\"Soins faciaux personnalis\\u00e9s \\u00e0 Montr\\u00e9al chez \\u00d4 Spa Boutique. Traitements esth\\u00e9tiques avanc\\u00e9s pour tous les types de peau, incluant nettoyage en profondeur, hydratation et rajeunissement. Experts en soins de la peau \\u00e0 Saint-Laurent, Qu\\u00e9bec.\",\"address\":{\"@type\":\"PostalAddress\",\"streetAddress\":\"815 Boulevard Cote Vertu Ouest #203\",\"addressLocality\":\"Saint-Laurent\",\"addressRegion\":\"QC\",\"postalCode\":\"H4L 1Y6\",\"addressCountry\":\"CA\"},\"telephone\":\"+1\\u2011514\\u2011744-9978\",\"contactPoint\":{\"@type\":\"ContactPoint\",\"telephone\":\"+1\\u2011514\\u2011744\\u20119978\",\"contactType\":\"Service client\\u00e8le\",\"areaServed\":\"CA\\u2011QC\",\"availableLanguage\":[\"fr\",\"en\"]},\"openingHoursSpecification\":[{\"@type\":\"OpeningHoursSpecification\",\"dayOfWeek\":[\"Monday\",\"Tuesday\",\"Wednesday\",\"Thursday\",\"Friday\"],\"opens\":\"10:00\",\"closes\":\"18:00\"},{\"@type\":\"OpeningHoursSpecification\",\"dayOfWeek\":[\"Saturday\"],\"opens\":\"10:00\",\"closes\":\"16:00\"}],\"sameAs\":[\"https:\\\/\\\/www.facebook.com\\\/ospaboutique\",\"https:\\\/\\\/www.instagram.com\\\/ospaboutique\"],\"serviceType\":\"Soins Faciaux\",\"offers\":{\"@type\":\"Offer\",\"url\":\"https:\\\/\\\/ospaboutique.com\\\/fr\\\/soins-facial\\\/\",\"priceCurrency\":\"CAD\",\"price\":\"\\u00c0 partir de 80 $\",\"eligibleRegion\":\"CA\\u2011QC\",\"validFrom\":\"2025\\u201108\\u201113\"},\"aggregateRating\":{\"@type\":\"AggregateRating\",\"ratingValue\":\"4.9\",\"reviewCount\":\"300\"},\"author\":{\"@type\":\"Person\",\"name\":\"Suzan\",\"jobTitle\":\"Esth\\u00e9ticienne Professionnelle\"},\"datePublished\":\"2025-08-13\",\"dateModified\":\"2025-08-13\",\"mainEntityOfPage\":{\"@type\":\"WebPage\",\"@id\":\"https:\\\/\\\/ospaboutique.com\\\/fr\\\/soins-facial\\\/\"},\"articleSection\":\"Soins du Visage\"},{\"@type\":\"FAQPage\",\"mainEntity\":[{\"@type\":\"Question\",\"name\":\"Pourquoi devrais-je faire un soin facial professionnel ?\",\"acceptedAnswer\":{\"@type\":\"Answer\",\"text\":\"Les soins faciaux professionnels permettent un nettoyage en profondeur, une exfoliation et une hydratation cibl\\u00e9es qui ne peuvent pas \\u00eatre obtenues \\u00e0 la maison. Nos esth\\u00e9ticiennes utilisent des produits de qualit\\u00e9 et des techniques sp\\u00e9cialis\\u00e9es pour am\\u00e9liorer la sant\\u00e9 et l'apparence de votre peau.\"}},{\"@type\":\"Question\",\"name\":\"\\u00c0 quelle fr\\u00e9quence est-il recommand\\u00e9 de faire un soin facial ?\",\"acceptedAnswer\":{\"@type\":\"Answer\",\"text\":\"Pour la plupart des types de peau, il est conseill\\u00e9 de faire un soin facial toutes les 4 \\u00e0 6 semaines. Cela correspond au cycle de renouvellement des cellules de la peau et permet de maintenir un teint frais et sain.\"}},{\"@type\":\"Question\",\"name\":\"Puis-je personnaliser mon soin facial ?\",\"acceptedAnswer\":{\"@type\":\"Answer\",\"text\":\"Oui. Chaque soin facial que nous offrons est personnalis\\u00e9. Lors de la consultation, votre esth\\u00e9ticienne \\u00e9valuera votre type de peau et vos pr\\u00e9occupations pour cr\\u00e9er un traitement sur mesure qui r\\u00e9pondra \\u00e0 vos besoins uniques.\"}}]},{\"@type\":\"Organization\",\"@id\":\"https:\\\/\\\/ospaboutique.com\\\/fr\\\/#organization\",\"name\":\"\\u00d4 Spa Boutique\",\"description\":\"\\u00d4 Spa Boutique, a one-stop spa solution in St Laurent &amp; Montreal for most skin concerns and needs. We offer a range of treatments, including Laser Hair Removal, Facial Rejuvenation, HydraFacial, Microneedling &amp; Dermaplaning, as well as more sophisticated treatments for Melasma &amp; Acne.\",\"url\":\"https:\\\/\\\/ospaboutique.com\\\/fr\\\/\",\"email\":\"info@ospaboutique.com\",\"telephone\":\"+15147449978\",\"foundingDate\":\"1996-02-17\",\"numberOfEmployees\":{\"@type\":\"QuantitativeValue\",\"value\":2},\"logo\":{\"@type\":\"ImageObject\",\"url\":\"https:\\\/\\\/ospaboutique.com\\\/wp-content\\\/uploads\\\/2023\\\/02\\\/O-SPA-BOUTIQUE-LASER-HAIR-REMOVAL-FACIAL-MASSAGE-MEMBERSHIP_LOGO.webp\",\"@id\":\"https:\\\/\\\/ospaboutique.com\\\/fr\\\/soins-facial\\\/#organizationLogo\",\"width\":150,\"height\":104,\"caption\":\"logo - o spa boutique logo\"},\"image\":{\"@id\":\"https:\\\/\\\/ospaboutique.com\\\/fr\\\/soins-facial\\\/#organizationLogo\"},\"sameAs\":[\"https:\\\/\\\/facebook.com\\\/\",\"https:\\\/\\\/instagram.com\\\/\",\"https:\\\/\\\/tiktok.com\\\/@\",\"https:\\\/\\\/pinterest.com\\\/\",\"https:\\\/\\\/youtube.com\\\/\",\"https:\\\/\\\/linkedin.com\\\/in\\\/\"],\"address\":{\"@id\":\"https:\\\/\\\/ospaboutique.com\\\/fr\\\/#postaladdress\",\"@type\":\"PostalAddress\",\"streetAddress\":\"815 Boulevard Cote Vertu Ouest #203,\",\"postalCode\":\"H4L 1Y6\",\"addressLocality\":\"Saint-Laurent\",\"addressRegion\":\"Quebec\",\"addressCountry\":\"CA\"}},{\"@type\":\"Person\",\"@id\":\"https:\\\/\\\/ospaboutique.com\\\/fr\\\/author\\\/admin\\\/#author\",\"url\":\"https:\\\/\\\/ospaboutique.com\\\/fr\\\/author\\\/admin\\\/\",\"name\":\"Souzan Dayoub\",\"image\":{\"@type\":\"ImageObject\",\"url\":\"https:\\\/\\\/secure.gravatar.com\\\/avatar\\\/7c44dc58a0cbe676399632bf278024e948e463c0fcaa52dee40143c23de0434d?s=96&d=mm&r=g\"}},{\"@type\":\"WebPage\",\"@id\":\"https:\\\/\\\/ospaboutique.com\\\/fr\\\/soins-facial\\\/#webpage\",\"url\":\"https:\\\/\\\/ospaboutique.com\\\/fr\\\/soins-facial\\\/\",\"name\":\"Soins Facial \\u00e0 Montr\\u00e9al : Rajeunissez Votre Peau Apr\\u00e8s l'\\u00c9t\\u00e9\",\"description\":\"Offrez \\u00e0 votre peau le meilleur avec nos soins facial \\u00e0 Montr\\u00e9al. D\\u00e9couvrez des traitements sur mesure pour revitaliser et rajeunir apr\\u00e8s l'\\u00e9t\\u00e9.\",\"inLanguage\":\"fr-FR\",\"isPartOf\":{\"@id\":\"https:\\\/\\\/ospaboutique.com\\\/fr\\\/#website\"},\"breadcrumb\":{\"@id\":\"https:\\\/\\\/ospaboutique.com\\\/fr\\\/soins-facial\\\/#breadcrumblist\"},\"author\":{\"@id\":\"https:\\\/\\\/ospaboutique.com\\\/fr\\\/author\\\/admin\\\/#author\"},\"creator\":{\"@id\":\"https:\\\/\\\/ospaboutique.com\\\/fr\\\/author\\\/admin\\\/#author\"},\"image\":{\"@type\":\"ImageObject\",\"url\":\"https:\\\/\\\/ospaboutique.com\\\/wp-content\\\/uploads\\\/2024\\\/09\\\/adccmin-ajaxphp_.webp\",\"@id\":\"https:\\\/\\\/ospaboutique.com\\\/fr\\\/soins-facial\\\/#mainImage\",\"width\":600,\"height\":337,\"caption\":\"chemical peel-peeling Montreal-Soins Facial\"},\"primaryImageOfPage\":{\"@id\":\"https:\\\/\\\/ospaboutique.com\\\/fr\\\/soins-facial\\\/#mainImage\"},\"datePublished\":\"2024-09-01T14:49:15+00:00\",\"dateModified\":\"2026-02-09T19:16:08+00:00\"},{\"@type\":\"WebSite\",\"@id\":\"https:\\\/\\\/ospaboutique.com\\\/fr\\\/#website\",\"url\":\"https:\\\/\\\/ospaboutique.com\\\/fr\\\/\",\"name\":\"\\u00d4 Spa Boutique\",\"description\":\"Laser Hair Remova, Facial, Micropigmentation, Microblading, Microneedling, Microdermabrasion\",\"inLanguage\":\"fr-FR\",\"publisher\":{\"@id\":\"https:\\\/\\\/ospaboutique.com\\\/fr\\\/#organization\"}}]}\n\t\t<\/script>\n\t\t<!-- All in One SEO Pro -->\r\n\t\t<title>Soins Facial \u00e0 Montr\u00e9al : Rajeunissez Votre Peau Apr\u00e8s l'\u00c9t\u00e9<\/title>\n\n","aioseo_head_json":{"title":"Soins Facial \u00e0 Montr\u00e9al : Rajeunissez Votre Peau Apr\u00e8s l'\u00c9t\u00e9","description":"Offrez \u00e0 votre peau le meilleur avec nos soins facial \u00e0 Montr\u00e9al. D\u00e9couvrez des traitements sur mesure pour revitaliser et rajeunir apr\u00e8s l'\u00e9t\u00e9.","canonical_url":"https:\/\/ospaboutique.com\/fr\/soins-facial\/","robots":"max-image-preview:large","keywords":"","webmasterTools":{"miscellaneous":""},"schema":{"@context":"https:\/\/schema.org","@graph":[{"@type":"BlogPosting","@id":"https:\/\/ospaboutique.com\/fr\/soins-facial\/#aioseo-article-m4djifog","name":"Soins Facial : Offrez \u00e0 Votre Peau un Nouveau D\u00e9part Apr\u00e8s l\u2019\u00c9t\u00e9","headline":"Soins Facial : Offrez \u00e0 Votre Peau un Nouveau D\u00e9part Apr\u00e8s l\u2019\u00c9t\u00e9","description":"Offrez \u00e0 votre peau le meilleur avec nos soins facial \u00e0 Montr\u00e9al. D\u00e9couvrez des traitements sur mesure pour revitaliser et rajeunir apr\u00e8s l'\u00e9t\u00e9.","author":{"@type":"Person","name":"Souzan Dayoub","url":"https:\/\/ospaboutique.com\/fr\/author\/admin\/"},"publisher":{"@id":"https:\/\/ospaboutique.com\/fr\/#organization"},"image":{"@type":"ImageObject","url":"https:\/\/ospaboutique.com\/wp-content\/uploads\/2024\/09\/adccmin-ajaxphp_.webp","width":600,"height":337,"caption":"chemical peel-peeling Montreal-Soins Facial"},"datePublished":"2024-09-01T14:49:15+00:00","dateModified":"2026-02-09T19:16:08+00:00","inLanguage":"fr-FR","keywords":"soins facial","articleSection":"HydraFacial, Microdermabrasion, Microneedling, Soins de la peau, Visage, Facial, Hydrafacial, Visage, Facultatif"},{"@type":"BreadcrumbList","itemListElement":[{"@type":"ListItem","position":1,"name":"Accueil","item":"https:\/\/ospaboutique.com\/"},{"@type":"ListItem","position":2,"name":"Soins du Visage","item":"https:\/\/ospaboutique.com\/fr\/soins-de-visage\/"},{"@type":"ListItem","position":3,"name":"Soins Facial","item":"https:\/\/ospaboutique.com\/fr\/soins-facial\/"}]},{"@type":"BreadcrumbList","@id":"https:\/\/ospaboutique.com\/fr\/soins-facial\/#breadcrumblist","itemListElement":[{"@type":"ListItem","@id":"https:\/\/ospaboutique.com\/fr\/#listItem","position":1,"name":"Home","item":"https:\/\/ospaboutique.com\/fr\/","nextItem":{"@type":"ListItem","@id":"https:\/\/ospaboutique.com\/fr\/category\/visage\/#listItem","name":"Visage"}},{"@type":"ListItem","@id":"https:\/\/ospaboutique.com\/fr\/category\/visage\/#listItem","position":2,"name":"Visage","item":"https:\/\/ospaboutique.com\/fr\/category\/visage\/","nextItem":{"@type":"ListItem","@id":"https:\/\/ospaboutique.com\/fr\/soins-facial\/#listItem","name":"Soins Facial : Offrez \u00e0 Votre Peau un Nouveau D\u00e9part Apr\u00e8s l\u2019\u00c9t\u00e9"},"previousItem":{"@type":"ListItem","@id":"https:\/\/ospaboutique.com\/fr\/#listItem","name":"Home"}},{"@type":"ListItem","@id":"https:\/\/ospaboutique.com\/fr\/soins-facial\/#listItem","position":3,"name":"Soins Facial : Offrez \u00e0 Votre Peau un Nouveau D\u00e9part Apr\u00e8s l\u2019\u00c9t\u00e9","previousItem":{"@type":"ListItem","@id":"https:\/\/ospaboutique.com\/fr\/category\/visage\/#listItem","name":"Visage"}}]},{"@type":"DaySpa","name":"\u00d4 Spa Boutique","url":"https:\/\/ospaboutique.com\/fr\/soins-facial\/","logo":"https:\/\/ospaboutique.com\/wp-content\/uploads\/2023\/03\/ospaboutique-logo.png","image":"https:\/\/ospaboutique.com\/wp-content\/uploads\/votre-image-soins-facial.jpg","description":"Soins faciaux personnalis\u00e9s \u00e0 Montr\u00e9al chez \u00d4 Spa Boutique. Traitements esth\u00e9tiques avanc\u00e9s pour tous les types de peau, incluant nettoyage en profondeur, hydratation et rajeunissement. Experts en soins de la peau \u00e0 Saint-Laurent, Qu\u00e9bec.","address":{"@type":"PostalAddress","streetAddress":"815 Boulevard Cote Vertu Ouest #203","addressLocality":"Saint-Laurent","addressRegion":"QC","postalCode":"H4L 1Y6","addressCountry":"CA"},"telephone":"+1\u2011514\u2011744-9978","contactPoint":{"@type":"ContactPoint","telephone":"+1\u2011514\u2011744\u20119978","contactType":"Service client\u00e8le","areaServed":"CA\u2011QC","availableLanguage":["fr","en"]},"openingHoursSpecification":[{"@type":"OpeningHoursSpecification","dayOfWeek":["Monday","Tuesday","Wednesday","Thursday","Friday"],"opens":"10:00","closes":"18:00"},{"@type":"OpeningHoursSpecification","dayOfWeek":["Saturday"],"opens":"10:00","closes":"16:00"}],"sameAs":["https:\/\/www.facebook.com\/ospaboutique","https:\/\/www.instagram.com\/ospaboutique"],"serviceType":"Soins Faciaux","offers":{"@type":"Offer","url":"https:\/\/ospaboutique.com\/fr\/soins-facial\/","priceCurrency":"CAD","price":"\u00c0 partir de 80 $","eligibleRegion":"CA\u2011QC","validFrom":"2025\u201108\u201113"},"aggregateRating":{"@type":"AggregateRating","ratingValue":"4.9","reviewCount":"300"},"author":{"@type":"Person","name":"Suzan","jobTitle":"Esth\u00e9ticienne Professionnelle"},"datePublished":"2025-08-13","dateModified":"2025-08-13","mainEntityOfPage":{"@type":"WebPage","@id":"https:\/\/ospaboutique.com\/fr\/soins-facial\/"},"articleSection":"Soins du Visage"},{"@type":"FAQPage","mainEntity":[{"@type":"Question","name":"Pourquoi devrais-je faire un soin facial professionnel ?","acceptedAnswer":{"@type":"Answer","text":"Les soins faciaux professionnels permettent un nettoyage en profondeur, une exfoliation et une hydratation cibl\u00e9es qui ne peuvent pas \u00eatre obtenues \u00e0 la maison. Nos esth\u00e9ticiennes utilisent des produits de qualit\u00e9 et des techniques sp\u00e9cialis\u00e9es pour am\u00e9liorer la sant\u00e9 et l'apparence de votre peau."}},{"@type":"Question","name":"\u00c0 quelle fr\u00e9quence est-il recommand\u00e9 de faire un soin facial ?","acceptedAnswer":{"@type":"Answer","text":"Pour la plupart des types de peau, il est conseill\u00e9 de faire un soin facial toutes les 4 \u00e0 6 semaines. Cela correspond au cycle de renouvellement des cellules de la peau et permet de maintenir un teint frais et sain."}},{"@type":"Question","name":"Puis-je personnaliser mon soin facial ?","acceptedAnswer":{"@type":"Answer","text":"Oui. Chaque soin facial que nous offrons est personnalis\u00e9. Lors de la consultation, votre esth\u00e9ticienne \u00e9valuera votre type de peau et vos pr\u00e9occupations pour cr\u00e9er un traitement sur mesure qui r\u00e9pondra \u00e0 vos besoins uniques."}}]},{"@type":"Organization","@id":"https:\/\/ospaboutique.com\/fr\/#organization","name":"\u00d4 Spa Boutique","description":"\u00d4 Spa Boutique, a one-stop spa solution in St Laurent &amp; Montreal for most skin concerns and needs. We offer a range of treatments, including Laser Hair Removal, Facial Rejuvenation, HydraFacial, Microneedling &amp; Dermaplaning, as well as more sophisticated treatments for Melasma &amp; Acne.","url":"https:\/\/ospaboutique.com\/fr\/","email":"info@ospaboutique.com","telephone":"+15147449978","foundingDate":"1996-02-17","numberOfEmployees":{"@type":"QuantitativeValue","value":2},"logo":{"@type":"ImageObject","url":"https:\/\/ospaboutique.com\/wp-content\/uploads\/2023\/02\/O-SPA-BOUTIQUE-LASER-HAIR-REMOVAL-FACIAL-MASSAGE-MEMBERSHIP_LOGO.webp","@id":"https:\/\/ospaboutique.com\/fr\/soins-facial\/#organizationLogo","width":150,"height":104,"caption":"logo - o spa boutique logo"},"image":{"@id":"https:\/\/ospaboutique.com\/fr\/soins-facial\/#organizationLogo"},"sameAs":["https:\/\/facebook.com\/","https:\/\/instagram.com\/","https:\/\/tiktok.com\/@","https:\/\/pinterest.com\/","https:\/\/youtube.com\/","https:\/\/linkedin.com\/in\/"],"address":{"@id":"https:\/\/ospaboutique.com\/fr\/#postaladdress","@type":"PostalAddress","streetAddress":"815 Boulevard Cote Vertu Ouest #203,","postalCode":"H4L 1Y6","addressLocality":"Saint-Laurent","addressRegion":"Quebec","addressCountry":"CA"}},{"@type":"Person","@id":"https:\/\/ospaboutique.com\/fr\/author\/admin\/#author","url":"https:\/\/ospaboutique.com\/fr\/author\/admin\/","name":"Souzan Dayoub","image":{"@type":"ImageObject","url":"https:\/\/secure.gravatar.com\/avatar\/7c44dc58a0cbe676399632bf278024e948e463c0fcaa52dee40143c23de0434d?s=96&d=mm&r=g"}},{"@type":"WebPage","@id":"https:\/\/ospaboutique.com\/fr\/soins-facial\/#webpage","url":"https:\/\/ospaboutique.com\/fr\/soins-facial\/","name":"Soins Facial \u00e0 Montr\u00e9al : Rajeunissez Votre Peau Apr\u00e8s l'\u00c9t\u00e9","description":"Offrez \u00e0 votre peau le meilleur avec nos soins facial \u00e0 Montr\u00e9al. D\u00e9couvrez des traitements sur mesure pour revitaliser et rajeunir apr\u00e8s l'\u00e9t\u00e9.","inLanguage":"fr-FR","isPartOf":{"@id":"https:\/\/ospaboutique.com\/fr\/#website"},"breadcrumb":{"@id":"https:\/\/ospaboutique.com\/fr\/soins-facial\/#breadcrumblist"},"author":{"@id":"https:\/\/ospaboutique.com\/fr\/author\/admin\/#author"},"creator":{"@id":"https:\/\/ospaboutique.com\/fr\/author\/admin\/#author"},"image":{"@type":"ImageObject","url":"https:\/\/ospaboutique.com\/wp-content\/uploads\/2024\/09\/adccmin-ajaxphp_.webp","@id":"https:\/\/ospaboutique.com\/fr\/soins-facial\/#mainImage","width":600,"height":337,"caption":"chemical peel-peeling Montreal-Soins Facial"},"primaryImageOfPage":{"@id":"https:\/\/ospaboutique.com\/fr\/soins-facial\/#mainImage"},"datePublished":"2024-09-01T14:49:15+00:00","dateModified":"2026-02-09T19:16:08+00:00"},{"@type":"WebSite","@id":"https:\/\/ospaboutique.com\/fr\/#website","url":"https:\/\/ospaboutique.com\/fr\/","name":"\u00d4 Spa Boutique","description":"Laser Hair Remova, Facial, Micropigmentation, Microblading, Microneedling, Microdermabrasion","inLanguage":"fr-FR","publisher":{"@id":"https:\/\/ospaboutique.com\/fr\/#organization"}}]},"og:locale":"fr_FR","og:site_name":"O Spa Boutique | Laser Hair Remova, Facial, Micropigmentation, Microblading, Microneedling, Microdermabrasion","og:type":"article","og:title":"Soins Facial \u00e0 Montr\u00e9al : Rajeunissez Votre Peau Apr\u00e8s l'\u00c9t\u00e9","og:description":"Offrez \u00e0 votre peau le meilleur avec nos soins facial \u00e0 Montr\u00e9al. D\u00e9couvrez des traitements sur mesure pour revitaliser et rajeunir apr\u00e8s l'\u00e9t\u00e9.","og:url":"https:\/\/ospaboutique.com\/fr\/soins-facial\/","og:image":"https:\/\/ospaboutique.com\/wp-content\/uploads\/2023\/02\/O-SPA-BOUTIQUE-LASER-HAIR-REMOVAL-FACIAL-MASSAGE-MEMBERSHIP_LOGO.webp","og:image:secure_url":"https:\/\/ospaboutique.com\/wp-content\/uploads\/2023\/02\/O-SPA-BOUTIQUE-LASER-HAIR-REMOVAL-FACIAL-MASSAGE-MEMBERSHIP_LOGO.webp","og:image:width":150,"og:image:height":104,"article:published_time":"2024-09-01T14:49:15+00:00","article:modified_time":"2026-02-09T19:16:08+00:00","twitter:card":"summary_large_image","twitter:title":"Soins Facial \u00e0 Montr\u00e9al : Rajeunissez Votre Peau Apr\u00e8s l'\u00c9t\u00e9","twitter:description":"Offrez \u00e0 votre peau le meilleur avec nos soins facial \u00e0 Montr\u00e9al. D\u00e9couvrez des traitements sur mesure pour revitaliser et rajeunir apr\u00e8s l'\u00e9t\u00e9.","twitter:image":"https:\/\/ospaboutique.com\/wp-content\/uploads\/2023\/02\/O-SPA-BOUTIQUE-LASER-HAIR-REMOVAL-FACIAL-MASSAGE-MEMBERSHIP_LOGO.webp"},"aioseo_meta_data":{"post_id":"14683","title":"Soins Facial \u00e0 Montr\u00e9al : Rajeunissez Votre Peau Apr\u00e8s l'\u00c9t\u00e9","description":"Offrez \u00e0 votre peau le meilleur avec nos soins facial \u00e0 Montr\u00e9al. D\u00e9couvrez des traitements sur mesure pour revitaliser et rajeunir apr\u00e8s l'\u00e9t\u00e9.","keywords":null,"keyphrases":{"focus":{"keyphrase":"soins facial","score":91,"analysis":{"keyphraseInTitle":{"score":9,"maxScore":9,"error":0},"keyphraseInDescription":{"score":9,"maxScore":9,"error":0},"keyphraseLength":{"score":9,"maxScore":9,"error":0,"length":2},"keyphraseInURL":{"score":5,"maxScore":5,"error":0},"keyphraseInIntroduction":{"score":9,"maxScore":9,"error":0},"keyphraseInSubHeadings":{"score":3,"maxScore":9,"error":1},"keyphraseInImageAlt":{"score":9,"maxScore":9,"error":0},"keywordDensity":{"type":"best","score":9,"maxScore":9,"error":0}}},"additional":[]},"primary_term":null,"canonical_url":null,"og_title":null,"og_description":null,"og_object_type":"default","og_image_type":"default","og_image_url":null,"og_image_width":null,"og_image_height":null,"og_image_custom_url":null,"og_image_custom_fields":null,"og_video":"","og_custom_url":null,"og_article_section":null,"og_article_tags":null,"twitter_use_og":false,"twitter_card":"default","twitter_image_type":"default","twitter_image_url":null,"twitter_image_custom_url":null,"twitter_image_custom_fields":null,"twitter_title":null,"twitter_description":null,"schema":{"blockGraphs":[],"customGraphs":[{"id":"#aioseo-custom-me9yp4zj","custom":true,"graphName":"DaySpa","schema":"{ \"@graph\": [ { \"@type\": \"DaySpa\", \"name\": \"\u00d4 Spa Boutique\", \"url\": \"https:\/\/ospaboutique.com\/fr\/soins-facial\/\", \"logo\": \"https:\/\/ospaboutique.com\/wp-content\/uploads\/2023\/03\/ospaboutique-logo.png\", \"image\": \"https:\/\/ospaboutique.com\/wp-content\/uploads\/votre-image-soins-facial.jpg\", \"description\": \"Soins faciaux personnalis\u00e9s \u00e0 Montr\u00e9al chez \u00d4 Spa Boutique. Traitements esth\u00e9tiques avanc\u00e9s pour tous les types de peau, incluant nettoyage en profondeur, hydratation et rajeunissement. Experts en soins de la peau \u00e0 Saint-Laurent, Qu\u00e9bec.\", \"address\": { \"@type\": \"PostalAddress\", \"streetAddress\": \"815 Boulevard Cote Vertu Ouest #203\", \"addressLocality\": \"Saint-Laurent\", \"addressRegion\": \"QC\", \"postalCode\": \"H4L 1Y6\", \"addressCountry\": \"CA\" }, \"telephone\": \"+1\u2011514\u2011744-9978\", \"contactPoint\": { \"@type\": \"ContactPoint\", \"telephone\": \"+1\u2011514\u2011744\u20119978\", \"contactType\": \"Service client\u00e8le\", \"areaServed\": \"CA\u2011QC\", \"availableLanguage\": [ \"fr\", \"en\" ] }, \"openingHoursSpecification\": [ { \"@type\": \"OpeningHoursSpecification\", \"dayOfWeek\": [ \"Monday\", \"Tuesday\", \"Wednesday\", \"Thursday\", \"Friday\" ], \"opens\": \"10:00\", \"closes\": \"18:00\" }, { \"@type\": \"OpeningHoursSpecification\", \"dayOfWeek\": [ \"Saturday\" ], \"opens\": \"10:00\", \"closes\": \"16:00\" } ], \"sameAs\": [ \"https:\/\/www.facebook.com\/ospaboutique\", \"https:\/\/www.instagram.com\/ospaboutique\" ], \"serviceType\": \"Soins Faciaux\", \"offers\": { \"@type\": \"Offer\", \"url\": \"https:\/\/ospaboutique.com\/fr\/soins-facial\/\", \"priceCurrency\": \"CAD\", \"price\": \"\u00c0 partir de 80 $\", \"eligibleRegion\": \"CA\u2011QC\", \"validFrom\": \"2025\u201108\u201113\" }, \"aggregateRating\": { \"@type\": \"AggregateRating\", \"ratingValue\": \"4.9\", \"reviewCount\": \"300\" }, \"author\": { \"@type\": \"Person\", \"name\": \"Suzan\", \"jobTitle\": \"Esth\u00e9ticienne Professionnelle\" }, \"datePublished\": \"2025-08-13\", \"dateModified\": \"2025-08-13\", \"mainEntityOfPage\": { \"@type\": \"WebPage\", \"@id\": \"https:\/\/ospaboutique.com\/fr\/soins-facial\/\" }, \"articleSection\": \"Soins du Visage\" }, { \"@type\": \"FAQPage\", \"mainEntity\": [ { \"@type\": \"Question\", \"name\": \"Pourquoi devrais-je faire un soin facial professionnel ?\", \"acceptedAnswer\": { \"@type\": \"Answer\", \"text\": \"Les soins faciaux professionnels permettent un nettoyage en profondeur, une exfoliation et une hydratation cibl\u00e9es qui ne peuvent pas \u00eatre obtenues \u00e0 la maison. Nos esth\u00e9ticiennes utilisent des produits de qualit\u00e9 et des techniques sp\u00e9cialis\u00e9es pour am\u00e9liorer la sant\u00e9 et l'apparence de votre peau.\" } }, { \"@type\": \"Question\", \"name\": \"\u00c0 quelle fr\u00e9quence est-il recommand\u00e9 de faire un soin facial ?\", \"acceptedAnswer\": { \"@type\": \"Answer\", \"text\": \"Pour la plupart des types de peau, il est conseill\u00e9 de faire un soin facial toutes les 4 \u00e0 6 semaines. Cela correspond au cycle de renouvellement des cellules de la peau et permet de maintenir un teint frais et sain.\" } }, { \"@type\": \"Question\", \"name\": \"Puis-je personnaliser mon soin facial ?\", \"acceptedAnswer\": { \"@type\": \"Answer\", \"text\": \"Oui. Chaque soin facial que nous offrons est personnalis\u00e9. Lors de la consultation, votre esth\u00e9ticienne \u00e9valuera votre type de peau et vos pr\u00e9occupations pour cr\u00e9er un traitement sur mesure qui r\u00e9pondra \u00e0 vos besoins uniques.\" } } ] }, { \"@type\": \"BreadcrumbList\", \"itemListElement\": [ { \"@type\": \"ListItem\", \"position\": 1, \"name\": \"Accueil\", \"item\": \"https:\/\/ospaboutique.com\/\" }, { \"@type\": \"ListItem\", \"position\": 2, \"name\": \"Soins du Visage\", \"item\": \"https:\/\/ospaboutique.com\/fr\/soins-de-visage\/\" }, { \"@type\": \"ListItem\", \"position\": 3, \"name\": \"Soins Facial\", \"item\": \"https:\/\/ospaboutique.com\/fr\/soins-facial\/\" } ] } ] }"}],"default":{"data":{"Article":{"id":"#aioseo-article-m4djifog","slug":"article","graphName":"Article","label":"Article","properties":{"type":"BlogPosting","name":"#post_title","headline":"#post_title","description":"Offrez \u00e0 votre peau le meilleur avec nos soins facial \u00e0 Montr\u00e9al. D\u00e9couvrez des traitements sur mesure pour revitaliser et rajeunir apr\u00e8s l'\u00e9t\u00e9.","image":"https:\/\/ospaboutique.com\/wp-content\/uploads\/2024\/09\/adccmin-ajaxphp_.webp","keywords":"[{\"label\":\"soins facial\",\"value\":\"soins facial\"}]","author":{"name":"#author_name","url":"#author_url"},"dates":{"include":true,"datePublished":"","dateModified":""}}},"Course":[],"Dataset":[],"FAQPage":[],"Movie":[],"Person":[],"Product":[],"ProductReview":[],"Car":[],"Recipe":[],"Service":[],"SoftwareApplication":[],"WebPage":[]},"graphName":"BlogPosting","isEnabled":true},"graphs":[]},"schema_type":"default","schema_type_options":null,"pillar_content":false,"robots_default":true,"robots_noindex":false,"robots_noarchive":false,"robots_nosnippet":false,"robots_nofollow":false,"robots_noimageindex":false,"robots_noodp":false,"robots_notranslate":false,"robots_max_snippet":"-1","robots_max_videopreview":"-1","robots_max_imagepreview":"large","priority":null,"frequency":"default","local_seo":null,"seo_analyzer_scan_date":"2026-02-09 19:16:41","breadcrumb_settings":null,"limit_modified_date":false,"reviewed_by":"0","open_ai":"{\"title\":{\"suggestions\":[],\"usage\":0},\"description\":{\"suggestions\":[],\"usage\":0}}","ai":{"faqs":[],"keyPoints":[],"titles":[],"descriptions":[],"socialPosts":{"email":[],"linkedin":[],"twitter":[],"facebook":[],"instagram":[]}},"created":"2024-09-01 14:49:20","updated":"2026-02-09 19:16:41"},"aioseo_breadcrumb":"<div class=\"aioseo-breadcrumbs\"><span class=\"aioseo-breadcrumb\">\n\t<a href=\"https:\/\/ospaboutique.com\/fr\/\" title=\"Home\">Home<\/a>\n<\/span><span class=\"aioseo-breadcrumb-separator\">&raquo;<\/span><span class=\"aioseo-breadcrumb\">\n\t<a href=\"https:\/\/ospaboutique.com\/fr\/category\/visage\/\" title=\"Visage\">Visage<\/a>\n<\/span><span class=\"aioseo-breadcrumb-separator\">&raquo;<\/span><span class=\"aioseo-breadcrumb\">\n\tSoins Facial : Offrez \u00e0 Votre Peau un Nouveau D\u00e9part Apr\u00e8s l\u2019\u00c9t\u00e9\n<\/span><\/div>","aioseo_breadcrumb_json":[{"label":"Home","link":"https:\/\/ospaboutique.com\/fr\/"},{"label":"Visage","link":"https:\/\/ospaboutique.com\/fr\/category\/visage\/"},{"label":"Soins Facial : Offrez \u00e0 Votre Peau un Nouveau D\u00e9part Apr\u00e8s l\u2019\u00c9t\u00e9","link":"https:\/\/ospaboutique.com\/fr\/soins-facial\/"}],"_links":{"self":[{"href":"https:\/\/ospaboutique.com\/fr\/wp-json\/wp\/v2\/posts\/14683","targetHints":{"allow":["GET"]}}],"collection":[{"href":"https:\/\/ospaboutique.com\/fr\/wp-json\/wp\/v2\/posts"}],"about":[{"href":"https:\/\/ospaboutique.com\/fr\/wp-json\/wp\/v2\/types\/post"}],"author":[{"embeddable":true,"href":"https:\/\/ospaboutique.com\/fr\/wp-json\/wp\/v2\/users\/1"}],"replies":[{"embeddable":true,"href":"https:\/\/ospaboutique.com\/fr\/wp-json\/wp\/v2\/comments?post=14683"}],"version-history":[{"count":0,"href":"https:\/\/ospaboutique.com\/fr\/wp-json\/wp\/v2\/posts\/14683\/revisions"}],"wp:featuredmedia":[{"embeddable":true,"href":"https:\/\/ospaboutique.com\/fr\/wp-json\/wp\/v2\/media\/16373"}],"wp:attachment":[{"href":"https:\/\/ospaboutique.com\/fr\/wp-json\/wp\/v2\/media?parent=14683"}],"wp:term":[{"taxonomy":"category","embeddable":true,"href":"https:\/\/ospaboutique.com\/fr\/wp-json\/wp\/v2\/categories?post=14683"},{"taxonomy":"post_tag","embeddable":true,"href":"https:\/\/ospaboutique.com\/fr\/wp-json\/wp\/v2\/tags?post=14683"}],"curies":[{"name":"wp","href":"https:\/\/api.w.org\/{rel}","templated":true}]}}